{"id":99298,"date":"2023-04-17T14:09:57","date_gmt":"2023-04-17T17:09:57","guid":{"rendered":"https:\/\/primicias2262.com\/?p=99298"},"modified":"2023-04-17T14:09:57","modified_gmt":"2023-04-17T17:09:57","slug":"rivero-argumento-por-que-necochea-no-puede-dejar-pasar-el-tren-de-la-explotacion-petrolera","status":"publish","type":"post","link":"https:\/\/primicias2262.com\/noticias\/rivero-argumento-por-que-necochea-no-puede-dejar-pasar-el-tren-de-la-explotacion-petrolera\/","title":{"rendered":"Rivero argument\u00f3 por qu\u00e9 Necochea no puede dejar pasar el tren de la explotaci\u00f3n petrolera"},"content":{"rendered":"<p><strong>\u201cSiempre hablamos que queremos crecer, diversificar la econom\u00eda y la producci\u00f3n, no ser un puerto solamente agroexportador y que queremos tener otras actividades econ\u00f3micas, pero en este tema no veo un acci\u00f3n propiositiva de la clase pol\u00edtica dirigencial de Necochea\u201d, se\u00f1al\u00f3 al aire de \u201cVoces de la Ciudad\u201d.<\/strong><\/p>\n<p>Durante una nota realizada por el periodista Jorge G\u00f3mez, y tras un comunicado del Partido Justicialista local la semana anterior expresando su total acuerdo con el proyecto de exploraci\u00f3n petrolera que comenzar\u00e1 durante la primavera en las aguas del mar argentino, el presidente del PJ, Marcelo Rivero, ratific\u00f3 su apoyo y argument\u00f3 por qu\u00e9, apuntando hacia la clase pol\u00edtica local.<\/p>\n<p>El proyecto a unos 300 kil\u00f3metros de Necochea y Quequ\u00e9n, le cambiar\u00eda el perfil de trabajo y prestaci\u00f3n de servicios a comunidades como la nuestra, y t\u00e9cnicamente el \u201cChelo\u201d se\u00f1al\u00f3 que el plan del gobierno nacional junto con una empresa noruega implicar\u00eda la exploraci\u00f3n primero y la explotaci\u00f3n despu\u00e9s de petr\u00f3leo y gas, ya con posible actividad plena para el a\u00f1o 2030. \u201cSer\u00eda importante y no lo veo, que nuestra clase pol\u00edtica dirigencial deber\u00eda tener una posici\u00f3n en el tema, porque no es un tema m\u00e1s, sino que es un tema que de concretarse le va a cambiar la vida a toda la regi\u00f3n, y se la va a cambiar para bien\u201d.<\/p>\n<p>\u201cEste proyecto va a permitir incorporar la actividad petrol\u00edfera con todo lo que ello implica: creaci\u00f3n de mano calificada, impacto en el comercio, gastronom\u00eda, hoteler\u00eda y transporte\u201d, argument\u00f3, para contar que \u201cdesde el peronismo vemos que otras comunidades han avanzado mucho m\u00e1s en el tema, por ejemplo Mar del Plata, con un Guillermo Montenegro (intendente) que primero se opus, con un amparo contra el gobierno nacional, y despu\u00e9s se termin\u00f3 sumando, porque se trata de c\u00f3mo le va a cambiar la vida al distrito, y resulta que hoy es uno de los principales impulsores de la iniciativa con la CGT, empresarios y comerciantes de Mar del Plata\u201d.<\/p>\n<p>\u201cPor eso creemos que si Necochea lo deja pasar, como en tantas otras cosas que ha dejado pasar el tren, se perder\u00e1 una gran oportunidad\u201d, afirm\u00f3, apuntando que \u201csiempre hablamos que queremos crecer, diversificar la econom\u00eda, no ser un puerto solamente agroexportador y que queremos tener otras actividades econ\u00f3micas, pero cuando est\u00e1 la posibilidad nuestros dirigentes pol\u00edticos tendr\u00edan que estar convocando a audiencias y reuniones para debatir pros y contras del proyecto\u201d.<\/p>\n<p>Hay que tener en cuenta que la provincia de Buenos Aires pasar\u00e1 a ser petrolera por excelencia: \u201cEst\u00e1 prevista la explotaci\u00f3n plena del petr\u00f3leo para 2030, el beneficio para la provincia va a ser sustancial y nosotros como integrantes de la Provincia podemos plantearle al gobernador ser parte del proyecto, ser beneficiarios de una parte de la regal\u00eda por ser una de las zonas donde se explota, y no veo ni al Intendente ni al Concejo Deliberante hacer una acci\u00f3n propositiva sobre la cuesti\u00f3n\u201d, concluy\u00f3 el presidente del PJ.<\/p>\n<p><strong>El comunicado del PJ<\/strong><\/p>\n<p>\u201cEs una excelente oportunidad de crecimiento para nuestro Distrito, ya que tenemos el puerto, el espacio f\u00edsico para la radicaci\u00f3n de las empresas log\u00edsticas y de servicios para el proyecto, la oportunidad para generar nuevas fuentes de trabajo calificadas, mano de obra genuina, y para el comercio, para los servicios gastron\u00f3micos y hoteleros, entre otros, que tendr\u00edan ocupaci\u00f3n efectiva todo el a\u00f1o\u201d, se\u00f1al\u00f3.<\/p>\n<p>Adem\u00e1s, conforme lo indican los especialistas, no tendr\u00eda efectos negativos para las otras actividades econ\u00f3micas de la regi\u00f3n, como el turismo o la industria pesquera.<\/p>\n<p>\u201cACTITUD ABIERTA \u201c<\/p>\n<p>\u201cTenemos que tener una Actitud abierta y activa en este tema, no tiene sentido decir no por el no mismo, sin antes asesorarnos e investigar, indic\u00f3 Rivero.<\/p>\n<p>\u201cAbierta, porque no podemos cerrarnos a ser solamente una econom\u00eda agropecuaria o de servicios comerciales, sin antes estudiar la viabilidad t\u00e9cnica, ambiental y econ\u00f3mica del proyecto; y Activa, porque si no nos unimos todas las fuerzas pol\u00edticas y sociales y ponemos el tema en el centro de la escena, es muy probable que el r\u00e9dito se lo lleve otro distrito.<\/p>\n<p>Mar del Plata ya ha realizado conferencias, charlas informativas, con especialistas, con empresas y sectores de la econom\u00eda, los trabajadores, los gremios, la Justicia y con la comunidad en general, para analizar y evacuar todas las dudas.<\/p>\n<p>Ser\u00eda muy bueno que en Necochea el municipio, junto al Concejo Deliberante, el puerto, y todas las fuerzas vivas fijen una postura com\u00fan sobre el tema, antes de que sea tarde para ello, tomando todas medidas de seguridad que se requieran para garantizar que no se afecte el turismo, el medio ambiente, y las otras actividades. Tendr\u00eda que ser una pol\u00edtica de estado.<\/p>\n<p>Desde el Peronismo apoyamos todos los proyectos que signifiquen trabajo y crecimiento para nuestro distrito.<\/p>\n<p>Se estima que a fines de este a\u00f1o comenzar\u00e1n con la exploraci\u00f3n, y en caso de encontrar petr\u00f3leo o gas, la explotaci\u00f3n plena ser\u00e1 entre 2030 y 2045.<\/p>\n<p>Nuestro puerto est\u00e1 mucho mejor preparado para recibir buques de gran porte, y podr\u00eda cumplir el rol de puerto de asiento log\u00edstico de embarcaciones para el mantenimiento del yacimiento. Tambi\u00e9n nuestros accesos ferroviarios est\u00e1n mejor posicionados\u201d, finaliz\u00f3 diciendo Rivero.<\/p>\n","protected":false},"excerpt":{"rendered":"<p>\u201cSiempre hablamos que queremos crecer, diversificar la econom\u00eda y la producci\u00f3n, no ser un puerto solamente agroexportador y que queremos tener otras actividades econ\u00f3micas, pero en este tema no veo un acci\u00f3n propiositiva de la clase pol\u00edtica dirigencial de Necochea\u201d, se\u00f1al\u00f3 al aire de \u201cVoces de la Ciudad\u201d. Durante una nota realizada por el periodista [&hellip;]<\/p>\n","protected":false},"author":3,"featured_media":99305,"comment_status":"closed","ping_status":"closed","sticky":false,"template":"","format":"standard","meta":{"footnotes":""},"categories":[3],"tags":[],"class_list":["post-99298","post","type-post","status-publish","format-standard","has-post-thumbnail","category-masnoticias"],"_links":{"self":[{"href":"https:\/\/primicias2262.com\/noticias\/wp-json\/wp\/v2\/posts\/99298","targetHints":{"allow":["GET"]}}],"collection":[{"href":"https:\/\/primicias2262.com\/noticias\/wp-json\/wp\/v2\/posts"}],"about":[{"href":"https:\/\/primicias2262.com\/noticias\/wp-json\/wp\/v2\/types\/post"}],"author":[{"embeddable":true,"href":"https:\/\/primicias2262.com\/noticias\/wp-json\/wp\/v2\/users\/3"}],"replies":[{"embeddable":true,"href":"https:\/\/primicias2262.com\/noticias\/wp-json\/wp\/v2\/comments?post=99298"}],"version-history":[{"count":0,"href":"https:\/\/primicias2262.com\/noticias\/wp-json\/wp\/v2\/posts\/99298\/revisions"}],"wp:attachment":[{"href":"https:\/\/primicias2262.com\/noticias\/wp-json\/wp\/v2\/media?parent=99298"}],"wp:term":[{"taxonomy":"category","embeddable":true,"href":"https:\/\/primicias2262.com\/noticias\/wp-json\/wp\/v2\/categories?post=99298"},{"taxonomy":"post_tag","embeddable":true,"href":"https:\/\/primicias2262.com\/noticias\/wp-json\/wp\/v2\/tags?post=99298"}],"curies":[{"name":"wp","href":"https:\/\/api.w.org\/{rel}","templated":true}]}}