{"id":99321,"date":"2023-04-18T10:51:40","date_gmt":"2023-04-18T13:51:40","guid":{"rendered":"https:\/\/primicias2262.com\/?p=99321"},"modified":"2023-04-18T10:51:40","modified_gmt":"2023-04-18T13:51:40","slug":"el-servicio-de-micros-es-totalmente-normal-este-martes-en-necochea","status":"publish","type":"post","link":"https:\/\/primicias2262.com\/noticias\/el-servicio-de-micros-es-totalmente-normal-este-martes-en-necochea\/","title":{"rendered":"El servicio de micros es totalmente normal este martes en Necochea"},"content":{"rendered":"<p><strong>As\u00ed lo reconfirm\u00f3 la integrante de la Compa\u00f1\u00eda de Transporte de Necochea, Mar\u00eda In\u00e9s Lesca, que ante la certeza de un paro de micros por la adhesi\u00f3n el lunes por la noche a las medidas en el \u00c1rea Metropolitana de Buenos Aires, se\u00f1al\u00f3 que todo se trat\u00f3 de un mal entendido y por lo tanto el servicio de transporte urbano en Necochea es normal este martes.<\/strong><\/p>\n<p>En di\u00e1logo telef\u00f3nico con \u201cVoces de la Ciudad\u201d, la contadora se\u00f1al\u00f3 que anoche, tanto despu\u00e9s de las 21.30 como de las 23.30 parec\u00eda que ratificaban el paro en Necochea, pero esta ma\u00f1ana al salir de su casa los colectivos en Necochea andaban normalmente.<\/p>\n<p>Ante la consulta del periodista Jorge G\u00f3mez, Lesca se atribuy\u00f3 el error de la informaci\u00f3n: \u201cFue una confusi\u00f3n con lo que est\u00e1 pasando en Buenos Aires, que ac\u00e1 no se replic\u00f3 por suerte, fue solo un rumor, pero anoche era una certeza porque hubo un mal entendido en la comunicaci\u00f3n e interpret\u00e9 mal\u201d.<\/p>\n<p>No obstante, Mar\u00eda In\u00e9s no dej\u00f3 de indicar que los hechos de inseguridad y los atrasos en los subsidios est\u00e1n a la orden del d\u00eda en AMBA, y por eso \u201ces justo el reclamo\u201d, mientras que respecto a la mirada local revel\u00f3 que \u201cac\u00e1 en Necochea hay un subsidio que est\u00e1 atrasado dos meses pero nuestra rueda ya est\u00e1 girando y estamos con lo justo en lo diario\u201d.<\/p>\n<p>Vale recordar que en horas del lunes, en relaci\u00f3n a los motivos del cese de actividades, las empresas que no tienen asiento en nuestra ciudad -sino en Buenos Aires y La Plata- informaron que hay un \u201cconsiderable atraso verificado en la acreditaci\u00f3n de los fondos de las compensaciones tarifarias correspondientes a las mayores costos incurridos durante el a\u00f1o en curso\u201d.<\/p>\n<p>Remarcaron adem\u00e1s que existe una \u201cfalta de cumplimiento por parte del Estado de su compromiso de actualizar la determinaci\u00f3n de los costos a valores de marzo, con precios e indicadores objetivos y efectivamente representativos de la realidad econ\u00f3mica del mercado\u201d.<\/p>\n<p>\u201cAl d\u00eda de la fecha se encuentran pendientes de acreditaci\u00f3n fondos correspondientes al primer trimestre del a\u00f1o en curso, por un valor equivalente casi al total de las compensaciones de un mes completo, aun considerando que los c\u00e1lculos pertinentes no cubren suficientemente los costos de la actividad\u201d se\u00f1alaron desde el AMBA, para confirmar que \u201cen virtud de ello se informa que con el objeto de compatibilizar las prestaciones con los recursos econ\u00f3micos disponibles, muchas empresas se ver\u00e1n obligadas a partir del d\u00eda de la fecha -por este lunes por la noche- a no prestar los servicios nocturnos y disminuir las frecuencias durante el d\u00eda\u201d.<\/p>\n","protected":false},"excerpt":{"rendered":"<p>As\u00ed lo reconfirm\u00f3 la integrante de la Compa\u00f1\u00eda de Transporte de Necochea, Mar\u00eda In\u00e9s Lesca, que ante la certeza de un paro de micros por la adhesi\u00f3n el lunes por la noche a las medidas en el \u00c1rea Metropolitana de Buenos Aires, se\u00f1al\u00f3 que todo se trat\u00f3 de un mal entendido y por lo tanto [&hellip;]<\/p>\n","protected":false},"author":3,"featured_media":96509,"comment_status":"closed","ping_status":"closed","sticky":false,"template":"","format":"standard","meta":{"footnotes":""},"categories":[5],"tags":[],"class_list":{"0":"post-99321","1":"post","2":"type-post","3":"status-publish","4":"format-standard","5":"has-post-thumbnail","7":"category-neco"},"_links":{"self":[{"href":"https:\/\/primicias2262.com\/noticias\/wp-json\/wp\/v2\/posts\/99321","targetHints":{"allow":["GET"]}}],"collection":[{"href":"https:\/\/primicias2262.com\/noticias\/wp-json\/wp\/v2\/posts"}],"about":[{"href":"https:\/\/primicias2262.com\/noticias\/wp-json\/wp\/v2\/types\/post"}],"author":[{"embeddable":true,"href":"https:\/\/primicias2262.com\/noticias\/wp-json\/wp\/v2\/users\/3"}],"replies":[{"embeddable":true,"href":"https:\/\/primicias2262.com\/noticias\/wp-json\/wp\/v2\/comments?post=99321"}],"version-history":[{"count":0,"href":"https:\/\/primicias2262.com\/noticias\/wp-json\/wp\/v2\/posts\/99321\/revisions"}],"wp:featuredmedia":[{"embeddable":true,"href":"https:\/\/primicias2262.com\/noticias\/wp-json\/"}],"wp:attachment":[{"href":"https:\/\/primicias2262.com\/noticias\/wp-json\/wp\/v2\/media?parent=99321"}],"wp:term":[{"taxonomy":"category","embeddable":true,"href":"https:\/\/primicias2262.com\/noticias\/wp-json\/wp\/v2\/categories?post=99321"},{"taxonomy":"post_tag","embeddable":true,"href":"https:\/\/primicias2262.com\/noticias\/wp-json\/wp\/v2\/tags?post=99321"}],"curies":[{"name":"wp","href":"https:\/\/api.w.org\/{rel}","templated":true}]}}