{"id":99327,"date":"2023-04-18T12:27:36","date_gmt":"2023-04-18T15:27:36","guid":{"rendered":"https:\/\/primicias2262.com\/?p=99327"},"modified":"2023-04-18T12:27:36","modified_gmt":"2023-04-18T15:27:36","slug":"se-realizaron-licitaciones-por-reformas-en-espacios-publicos-y-corredores-seguros","status":"publish","type":"post","link":"https:\/\/primicias2262.com\/noticias\/se-realizaron-licitaciones-por-reformas-en-espacios-publicos-y-corredores-seguros\/","title":{"rendered":"Se realizaron licitaciones por reformas en espacios p\u00fablicos y colocaci\u00f3n de corredores seguros"},"content":{"rendered":"<p><strong>Los actos de apertura de sobres se llevaron a cabo durante lunes y martes en la Secretar\u00eda de Planeamiento, Obras y Servicios P\u00fablicos de la Municipalidad.<\/strong><\/p>\n<p>En primer t\u00e9rmino, el lunes se desarroll\u00f3 la licitaci\u00f3n para la recuperaci\u00f3n de tres espacios p\u00fablicos de la ciudad, a la que se presentaron dos oferentes locales, Kosko Hnos. Srl y Servicios RG Srl.<\/p>\n<p>La primera de ellas cotiz\u00f3 un monto de obra por 128.209.196,11 de pesos, mientras que Servicios RG ofert\u00f3 por 134.390.574,19 de pesos. En cuanto al presupuesto oficial de la obra, estaba valuado en 66 millones de pesos pero la inflaci\u00f3n hizo lo suyo de por medio.<\/p>\n<p><a href=\"https:\/\/primicias2262.com\/wp-content\/uploads\/2023\/04\/17-04-FOTO-licitacion-plazas2.jpeg\"><img loading=\"lazy\" decoding=\"async\" class=\"alignleft size-medium wp-image-99328\" src=\"https:\/\/primicias2262.com\/wp-content\/uploads\/2023\/04\/17-04-FOTO-licitacion-plazas2-300x200.jpeg\" alt=\"\" width=\"300\" height=\"200\" \/><\/a>Adri\u00e1n Furno, a cargo de dicha Secretar\u00eda, mencion\u00f3 que \u201cahora hay que hacer el an\u00e1lisis, ver el mes de base del presupuesto y a partir de eso evaluar si las ofertas son razonables para ver si se hace la adjudicaci\u00f3n\u201d, aclarando que \u201cesto se enmarca dentro del financiamiento nacional del Plan \u2018Argentina Hace\u2019, y est\u00e1 dentro del programa de recuperaci\u00f3n de espacios p\u00fablicos municipal.<\/p>\n<p>Vale destacar que los espacios p\u00fablicos en cuesti\u00f3n a reformar y mejorar son la plaza 3 de Agosto de Quequ\u00e9n, la plazoleta de Av. 59 y 16 y la plaza de juegos del Parque Miguel Lillo, en avenidas 91 y 10.<\/p>\n<p><strong>Corredores seguros en 20 sectores<\/strong><\/p>\n<p>Por otra parte, este martes se realiz\u00f3 la apertura de sobres correspondiente a la instalaci\u00f3n de luminarias y corredores seguros en distintos barrios de Necochea y Quequ\u00e9n e instituciones educativas, a la cual se presentaron tres oferentes: nuevamente Kosco y Servicios RG adem\u00e1s de AV Ingenier\u00eda, la cual fue rechazada por falta de documentaci\u00f3n.<\/p>\n<p>Por su parte, siendo el presupuesto base de 31 millones de pesos y teniendo en cuenta el proceso inflacionario, Servicios RG pas\u00f3 una oferta de 55.490.000 pesos, mientras que Kosko pas\u00f3 60.780.000 pesos. A partir de ello deber\u00e1 actuar la comisi\u00f3n evaluadora y desde la \u00f3rbita municipal se se\u00f1al\u00f3 que la diferencia entre el presupuesto de base y lo ofertado por las empresas se gestionar\u00e1 ante Naci\u00f3n para realizar la obra.<\/p>\n<p><strong>Vale se\u00f1alar que los corredores seguros son accesos seguros de iluminaci\u00f3n Led para los barrios, que se instalar\u00e1n conforme al siguiente detalle de cantidad y ubicaci\u00f3n:<\/strong><\/p>\n<p><a href=\"https:\/\/primicias2262.com\/wp-content\/uploads\/2023\/03\/Listado-corredores-seguros.jpg\"><img loading=\"lazy\" decoding=\"async\" class=\"aligncenter size-full wp-image-98208\" src=\"https:\/\/primicias2262.com\/wp-content\/uploads\/2023\/03\/Listado-corredores-seguros.jpg\" alt=\"\" width=\"615\" height=\"1092\" \/><\/a><\/p>\n<p>&nbsp;<\/p>\n<p>&nbsp;<\/p>\n","protected":false},"excerpt":{"rendered":"<p>Los actos de apertura de sobres se llevaron a cabo durante lunes y martes en la Secretar\u00eda de Planeamiento, Obras y Servicios P\u00fablicos de la Municipalidad. En primer t\u00e9rmino, el lunes se desarroll\u00f3 la licitaci\u00f3n para la recuperaci\u00f3n de tres espacios p\u00fablicos de la ciudad, a la que se presentaron dos oferentes locales, Kosko Hnos. [&hellip;]<\/p>\n","protected":false},"author":3,"featured_media":99329,"comment_status":"closed","ping_status":"closed","sticky":false,"template":"","format":"standard","meta":{"footnotes":""},"categories":[3],"tags":[],"class_list":["post-99327","post","type-post","status-publish","format-standard","has-post-thumbnail","category-masnoticias"],"_links":{"self":[{"href":"https:\/\/primicias2262.com\/noticias\/wp-json\/wp\/v2\/posts\/99327","targetHints":{"allow":["GET"]}}],"collection":[{"href":"https:\/\/primicias2262.com\/noticias\/wp-json\/wp\/v2\/posts"}],"about":[{"href":"https:\/\/primicias2262.com\/noticias\/wp-json\/wp\/v2\/types\/post"}],"author":[{"embeddable":true,"href":"https:\/\/primicias2262.com\/noticias\/wp-json\/wp\/v2\/users\/3"}],"replies":[{"embeddable":true,"href":"https:\/\/primicias2262.com\/noticias\/wp-json\/wp\/v2\/comments?post=99327"}],"version-history":[{"count":0,"href":"https:\/\/primicias2262.com\/noticias\/wp-json\/wp\/v2\/posts\/99327\/revisions"}],"wp:attachment":[{"href":"https:\/\/primicias2262.com\/noticias\/wp-json\/wp\/v2\/media?parent=99327"}],"wp:term":[{"taxonomy":"category","embeddable":true,"href":"https:\/\/primicias2262.com\/noticias\/wp-json\/wp\/v2\/categories?post=99327"},{"taxonomy":"post_tag","embeddable":true,"href":"https:\/\/primicias2262.com\/noticias\/wp-json\/wp\/v2\/tags?post=99327"}],"curies":[{"name":"wp","href":"https:\/\/api.w.org\/{rel}","templated":true}]}}