{"id":99332,"date":"2023-04-18T13:19:31","date_gmt":"2023-04-18T16:19:31","guid":{"rendered":"https:\/\/primicias2262.com\/?p=99332"},"modified":"2023-04-18T13:19:31","modified_gmt":"2023-04-18T16:19:31","slug":"se-abrira-un-panel-de-debate-y-dialogo-por-los-20-anos-del-fuero-contencioso-administrativo","status":"publish","type":"post","link":"https:\/\/primicias2262.com\/noticias\/se-abrira-un-panel-de-debate-y-dialogo-por-los-20-anos-del-fuero-contencioso-administrativo\/","title":{"rendered":"Se abrir\u00e1 un panel de debate y di\u00e1logo por los 20 a\u00f1os del Fuero Contencioso Administrativo"},"content":{"rendered":"<p><strong>A eso se refiri\u00f3 el presidente del Colegio de Abogados de Necochea, Dr. V\u00edctor Pagani, quien inform\u00f3 que ser\u00e1 este jueves 20 de abril a partir de las 15 en la sede de dicha instituci\u00f3n, en calle 62 N\u00ba 2710.<\/strong><\/p>\n<p>Durante una visita a los estudios de \u201cVoces de la Ciudad\u201d, el profesional dialog\u00f3 en nota con el periodista Jorge G\u00f3mez y revel\u00f3 que \u201ceste ciclo de charlas se est\u00e1 dando en algunos departamentos judiciales y se da en Necochea en virtud de los 20 a\u00f1os del Fuero Contensioso Administrativo, aunque empez\u00f3 a funcionar hace un poquito menos en Necochea\u201d.<\/p>\n<p>\u201cLo importante del fuero -explic\u00f3- es el acercamiento de cualquier conflicto, ya sea del Estado con el ciudadano, o del ciudadano con el Estado, y que se pueda dirimir en nuestro departamento judicial. Anteriormente a la creaci\u00f3n del fuero si uno ten\u00eda un problema contra el municipio o el Estado provincial deb\u00eda litigar en la Suprema Corte de la Provincia de Buenos Aires en La Plata, era un acceso bastante complejo a la justicia contenciosa\u201d.<\/p>\n<p>Por ende, \u201cesto gener\u00f3 el acercamiento de la justicia al ciudadano y en el marco de esos 20 a\u00f1os se dan una serie de charlas\u201d, puso en valor, resaltando que por ejemplo \u201cviene a Necochea Daniel Soria, que es un miembro de la corte provincial y tendremos el orgullo de tener entre los expositores a los doctores Cintia Febbraro y Lucas Donato Bertoldi, que son matriculados nuestros\u201d.<\/p>\n<p>Por tal motivo, Pagani asegur\u00f3 que desde lo acad\u00e9mico ser\u00e1n charlas de primer nivel y se\u00f1al\u00f3 que la jornada tendr\u00e1 transmisi\u00f3n en vivo por el canal de Youtube de la Suprema Corte de Buenos Aires. \u201cCuando uno litiga contra el Estado del lugar que sea es en el Fuero Contencioso Administrativo, siempre que al ciudadano se le d\u00e9 la posibilidad del litigio contra el Estado en su territorio es una consecuencia positiva, porque ir a La Plata a litigar se hace muy complejo\u201d, reflexion\u00f3.<\/p>\n<p><strong>El evento se denomina \u201cCuestiones del Contencioso Administrativo en perspectiva local y tiene el siguiente programa:<\/strong><\/p>\n<p>15:00 h Palabras de bienvenida<br \/>\nVictor E. Pagani Deluchi<br \/>\nPresidente del Colegio de Abogados de Necochea<\/p>\n<p>15.30 Conferencia<br \/>\n\u201cActualidad del Contencioso Administrativo Provincial\u201d<br \/>\nDaniel F. Soria<\/p>\n<p>16:00 h Primer panel<\/p>\n<p>\u201cDesaf\u00edos tecnol\u00f3gicos en el procedimiento administrativo y el proceso<br \/>\ncontencioso administrativo\u201d.<br \/>\nCintia R. Febbraro<\/p>\n<p>\u201cEl dictamen jur\u00eddico previo en el procedimiento administrativo sancionatorio<br \/>\nen materia de Defensa del Consumidor. Actualidad jurisprudencial\u201d.<br \/>\nLucas Donato Bertoldi<\/p>\n<p>17.15 Segundo panel<\/p>\n<p>\u201cEl juzgamiento de casos contencioso administrativos con perspectiva de g\u00e9nero\u201d<br \/>\nNatacha Suarez<\/p>\n<p>\u201cCriterios de la justicia contencioso administrativa en casos en los que se<br \/>\ncomprometen derechos sujetos a una tutela especial. Situaciones de<br \/>\nvulnerabilidad. Evoluci\u00f3n jurisprudencial<br \/>\nCarlos F. N. Druck<\/p>\n<p>\u201cResponsabilidad del Estado en la Provincia de Buenos Aires. El juez contencioso<br \/>\nadministrativo en su laberinto\u201d.<br \/>\nCarlos A. Herrera<\/p>\n<p>18.15 Palabras de cierre<\/p>\n<p>Walter H. Pierrestegui<br \/>\nVicepresidente del Colegio de Magistrados y Funcionarios de Necochea<\/p>\n","protected":false},"excerpt":{"rendered":"<p>A eso se refiri\u00f3 el presidente del Colegio de Abogados de Necochea, Dr. V\u00edctor Pagani, quien inform\u00f3 que ser\u00e1 este jueves 20 de abril a partir de las 15 en la sede de dicha instituci\u00f3n, en calle 62 N\u00ba 2710. Durante una visita a los estudios de \u201cVoces de la Ciudad\u201d, el profesional dialog\u00f3 en [&hellip;]<\/p>\n","protected":false},"author":3,"featured_media":99333,"comment_status":"closed","ping_status":"closed","sticky":false,"template":"","format":"standard","meta":{"footnotes":""},"categories":[3],"tags":[],"class_list":["post-99332","post","type-post","status-publish","format-standard","has-post-thumbnail","category-masnoticias"],"_links":{"self":[{"href":"https:\/\/primicias2262.com\/noticias\/wp-json\/wp\/v2\/posts\/99332","targetHints":{"allow":["GET"]}}],"collection":[{"href":"https:\/\/primicias2262.com\/noticias\/wp-json\/wp\/v2\/posts"}],"about":[{"href":"https:\/\/primicias2262.com\/noticias\/wp-json\/wp\/v2\/types\/post"}],"author":[{"embeddable":true,"href":"https:\/\/primicias2262.com\/noticias\/wp-json\/wp\/v2\/users\/3"}],"replies":[{"embeddable":true,"href":"https:\/\/primicias2262.com\/noticias\/wp-json\/wp\/v2\/comments?post=99332"}],"version-history":[{"count":0,"href":"https:\/\/primicias2262.com\/noticias\/wp-json\/wp\/v2\/posts\/99332\/revisions"}],"wp:attachment":[{"href":"https:\/\/primicias2262.com\/noticias\/wp-json\/wp\/v2\/media?parent=99332"}],"wp:term":[{"taxonomy":"category","embeddable":true,"href":"https:\/\/primicias2262.com\/noticias\/wp-json\/wp\/v2\/categories?post=99332"},{"taxonomy":"post_tag","embeddable":true,"href":"https:\/\/primicias2262.com\/noticias\/wp-json\/wp\/v2\/tags?post=99332"}],"curies":[{"name":"wp","href":"https:\/\/api.w.org\/{rel}","templated":true}]}}