{"id":99345,"date":"2023-04-19T12:49:59","date_gmt":"2023-04-19T15:49:59","guid":{"rendered":"https:\/\/primicias2262.com\/?p=99345"},"modified":"2023-04-19T12:49:59","modified_gmt":"2023-04-19T15:49:59","slug":"surgio-una-ley-especifica-para-regular-a-los-centros-culturales-y-se-busca-una-adhesion-colectiva","status":"publish","type":"post","link":"https:\/\/primicias2262.com\/noticias\/surgio-una-ley-especifica-para-regular-a-los-centros-culturales-y-se-busca-una-adhesion-colectiva\/","title":{"rendered":"Surgi\u00f3 una ley espec\u00edfica para regular a los centros culturales y se busca una adhesi\u00f3n colectiva"},"content":{"rendered":"<p><strong>Alberto Franco, director del Centro Cultural y Biblioteca Popular \u201cAndr\u00e9s Ferreyra\u201d, explic\u00f3 los pormenores de la Ley 15.032, la cual regula la habilitaci\u00f3n de las salas de teatro independiente, los centros culturales y los centros culturales alternativos, espacios que no estaban enmarcados bajo ninguna figura formal.<\/strong><\/p>\n<p>En di\u00e1logo con el periodista Jorge G\u00f3mez en \u201cVoces de la Ciudad\u201d, Franco manifest\u00f3 que vienen manteniendo reuniones con el Concejo Deliberante y el Departamento Ejecutivo a fin de agilizar una agenda en la que todas las partes intervinientes est\u00e1n de acuerdo. \u201cTenemos una muy buena recepci\u00f3n y di\u00e1logo con el municipio por el tema de la Ley 15.032 que regula la habilitaci\u00f3n de las salas de teatro independiente, los centro culturales y los centros culturales alternativos. Entre los considerando, dice que esta ley surge por la inquietud de estos espacios a nivel provincial y que tiene que ver con los diferentes municipios\u201d.<\/p>\n<p>Diferenci\u00f3 seguidamente que \u201cen algunos municipios no hay manera de regularizar el funcionamiento de estos espacios, que los hay en distintas escalas, desde un sector de una casa de un artista donde pinta o hace m\u00fasica hasta una gran instituci\u00f3n con mucha superficie como nosotros que tenemos 1300 metros de superficie\u201d. Por ende, \u201chay un gran espectro en ese abanico y ha habido un vac\u00edo normativo a nivel provincial, pero esto no es responsabilidad del municipio ni de ninguna administraci\u00f3n, sino que ha habido un vac\u00edo normativo hist\u00f3rico que dificultaba la habilitaci\u00f3n de estos espacios porque no entraban en ninguna de las normativas vigentes, es decir, no somos un comercio, ni un espacio gastron\u00f3mico, ni un teatro o cine, entonces sucedi\u00f3 al punto de que el Centro Cultural no hab\u00eda tenido hist\u00f3ricamente una habilitaci\u00f3n\u201d.<\/p>\n<p>Es decir, el edificio de la calle 54 entre 61 y 63 funcionaba con un fuerte vinculamiento hist\u00f3rico en la comunidad con todas las cuentas al d\u00eda pero sin habilitaci\u00f3n, \u201cy esto nos excede a nosotros, tiene que ver con el movimiento cultural en su totalidad en Necochea y justamente no fuimos nosotros los que lo solicitamos en la reuni\u00f3n con la comisi\u00f3n de Cultura del HCD, sino que fue el espacio de Salta la t\u00e9rmica en la 65 casi 62, y ellos piden que el municipio adhiera a la Ley 15.032 como marco normativo\u201d, manifest\u00f3.<\/p>\n<p>Alberto asegur\u00f3 que por su parte acompa\u00f1aron la iniciativa de Salta la T\u00e9rmica\u00a0 junto con otros espacios, a partir de lo que \u201ctenemos todo un acuerdo con los sectores representados en el Concejo Deliberante para poder ser habilitados a nivel provincial y municipal en lo que esencialmente somos: un espacio cultural\u201d, lo cual puede significar beneficios como el acceso a subsidios y plantear un registro\u00a0 que permita un ordenamiento. \u201cEsto beneficia al Ejecutivo, al Concejo Deliberante y a la instituci\u00f3n en s\u00ed\u201d, afirm\u00f3.<\/p>\n<p><a href=\"https:\/\/primicias2262.com\/wp-content\/uploads\/2021\/08\/Alberto.jpg\"><img loading=\"lazy\" decoding=\"async\" class=\"aligncenter size-full wp-image-80111\" src=\"https:\/\/primicias2262.com\/wp-content\/uploads\/2021\/08\/Alberto.jpg\" alt=\"\" width=\"1350\" height=\"760\" \/><\/a><\/p>\n<p>Si bien Necochea todav\u00eda no se ha adherido, Franco explic\u00f3 que la ley invita a los municipios a hacerlo e incluso, a generar una ordenanza espec\u00edfica que ampl\u00ede y d\u00e9 cuenta de las caracter\u00edsticas propias de cada regi\u00f3n. \u201cLa ley es muy precisa y describe muy bien las caracter\u00edsticas de estos espacios y sus roles, ordena y da seguridad. En el caso nuestro es un espacio cultural multifunci\u00f3n y nos podemos encuadrar all\u00ed\u201d, anticip\u00f3 Alberto, para acotar que \u201cestamos vinculados permanentemente con el quehacer municipal en el Ejecutivo y legislativo, tuvimos una primera reuni\u00f3n y muy buena recepci\u00f3n, somos respetuosos de los tiempos legislativos y del Ejecutivo, pero est\u00e1 bueno tener esta mirada amplia y con coincidencias sobre la especificidad de estos espacios\u201d.<\/p>\n<p>Otro de los considerando de la 15.032 indica que se busca dar respuesta a un vac\u00edo legal municipal, en gran cantidad de comunas de la provincia no se han dictado instrumentos normativos que permitan a los interesados obtener la habilitaci\u00f3n de estos establecimientos con la denominaci\u00f3n de tales: centro cultural, espacio cultural o taller. Y a ra\u00edz de este vac\u00edo legal en algunos casos los establecimientos citados terminan siendo habilitados bajo formas y denominaciones que no responden a la naturaleza jur\u00eddica de los mismos, y al no estar bajo esa naturaleza pierden derechos.<\/p>\n","protected":false},"excerpt":{"rendered":"<p>Alberto Franco, director del Centro Cultural y Biblioteca Popular \u201cAndr\u00e9s Ferreyra\u201d, explic\u00f3 los pormenores de la Ley 15.032, la cual regula la habilitaci\u00f3n de las salas de teatro independiente, los centros culturales y los centros culturales alternativos, espacios que no estaban enmarcados bajo ninguna figura formal. En di\u00e1logo con el periodista Jorge G\u00f3mez en \u201cVoces [&hellip;]<\/p>\n","protected":false},"author":3,"featured_media":73801,"comment_status":"closed","ping_status":"closed","sticky":false,"template":"","format":"standard","meta":{"footnotes":""},"categories":[3],"tags":[],"class_list":["post-99345","post","type-post","status-publish","format-standard","has-post-thumbnail","category-masnoticias"],"_links":{"self":[{"href":"https:\/\/primicias2262.com\/noticias\/wp-json\/wp\/v2\/posts\/99345","targetHints":{"allow":["GET"]}}],"collection":[{"href":"https:\/\/primicias2262.com\/noticias\/wp-json\/wp\/v2\/posts"}],"about":[{"href":"https:\/\/primicias2262.com\/noticias\/wp-json\/wp\/v2\/types\/post"}],"author":[{"embeddable":true,"href":"https:\/\/primicias2262.com\/noticias\/wp-json\/wp\/v2\/users\/3"}],"replies":[{"embeddable":true,"href":"https:\/\/primicias2262.com\/noticias\/wp-json\/wp\/v2\/comments?post=99345"}],"version-history":[{"count":0,"href":"https:\/\/primicias2262.com\/noticias\/wp-json\/wp\/v2\/posts\/99345\/revisions"}],"wp:attachment":[{"href":"https:\/\/primicias2262.com\/noticias\/wp-json\/wp\/v2\/media?parent=99345"}],"wp:term":[{"taxonomy":"category","embeddable":true,"href":"https:\/\/primicias2262.com\/noticias\/wp-json\/wp\/v2\/categories?post=99345"},{"taxonomy":"post_tag","embeddable":true,"href":"https:\/\/primicias2262.com\/noticias\/wp-json\/wp\/v2\/tags?post=99345"}],"curies":[{"name":"wp","href":"https:\/\/api.w.org\/{rel}","templated":true}]}}