{"id":99347,"date":"2023-04-19T12:10:39","date_gmt":"2023-04-19T15:10:39","guid":{"rendered":"https:\/\/primicias2262.com\/?p=99347"},"modified":"2023-04-19T12:10:39","modified_gmt":"2023-04-19T15:10:39","slug":"furno-se-refirio-al-avance-de-las-obras-del-cdi-jardin-no-919-y-polideportivo-de-98-y-67","status":"publish","type":"post","link":"https:\/\/primicias2262.com\/noticias\/furno-se-refirio-al-avance-de-las-obras-del-cdi-jardin-no-919-y-polideportivo-de-98-y-67\/","title":{"rendered":"Furno se refiri\u00f3 al avance de las obras del CDI, Jard\u00edn N\u00ba 919 y polideportivo de 98 y 67"},"content":{"rendered":"<p><strong>Durante un contacto telef\u00f3nico con \u201cVoces de la Ciudad\u201d, el secretario de Planeamiento, Obras y Servicios P\u00fablicos de la comuna, Adri\u00e1n Furno, destac\u00f3 los esfuerzos que realiza el Ejecutivo Municipal para, aun en un contexto duro de la econom\u00eda, avanzar con obras necesarias y algunas inconclusas. \u00a0<\/strong><\/p>\n<p>La primera consulta del periodista Jorge G\u00f3mez al respecto tuvo que ver con el Centro de Desarrollo Infantil (CDI) destinado a ni\u00f1os de 45 d\u00edas a 4 a\u00f1os y ubicado detr\u00e1s del Barrio Municipal, sobre lo que el funcionario destac\u00f3 que \u201cest\u00e1 muy avanzado, levantaron las paredes y est\u00e1n por llegar a los techos. La empresa Kosco hizo un gran trabajo en el CAPS Norte y tambi\u00e9n lo est\u00e1 haciendo en el CDI, que brindar\u00e1 un servicio social muy importante\u201d.<\/p>\n<p>Acto seguido habl\u00f3 sobre el Jard\u00edn de Infantes N\u00ba 919, ubicado en 102 y 63, detr\u00e1s del hospital, el cual tiene la estructura externa pero qued\u00f3 a la deriva: \u201cSe abandon\u00f3 la obra por parte de la Provincia pero la Direcci\u00f3n de Escuelas a trav\u00e9s del municipio licit\u00f3 la construcci\u00f3n del jard\u00edn y est\u00e1 por firmar el contrato para empezar con una obra que le vendr\u00e1 perfecto a esa barriada\u201d, report\u00f3 Furno, para hablar en tercer t\u00e9rmino del polideportivo ah\u00ed cerquita.<\/p>\n<p>\u201cEn 98 y 67 avanza la construcci\u00f3n del polideportivo, ya se hicieron las paredes hasta el dintel, va todo con una estructura met\u00e1lica que tendr\u00e1 una cobertura de chapa y va avanzando a pasos importantes. Todos los chicos de esos sectores para hacer actividades f\u00edsicas se tienen que trasladar hasta el Polideportivo de la playa y gracias a este espacio estar\u00e1n cerca de sus casas y contenidos, que es lo que la gente necesita\u201d, mencion\u00f3.<\/p>\n<p><a href=\"https:\/\/primicias2262.com\/wp-content\/uploads\/2022\/12\/Adrian-Furno.jpg\"><img loading=\"lazy\" decoding=\"async\" class=\"alignleft size-medium wp-image-96300\" src=\"https:\/\/primicias2262.com\/wp-content\/uploads\/2022\/12\/Adrian-Furno-300x225.jpg\" alt=\"\" width=\"300\" height=\"225\" \/><\/a>Todo ello se suma a la muy avanzada obra de caballer\u00eda en el parque y la terminaci\u00f3n de los dos CAPS, el Norte y el Fuccile, el cual ser\u00e1 inaugurado este viernes 21 junto al ministro provincial de salud. Nicolas Kreplak.<\/p>\n<p>\u201cEn el de Norte ya mudaron los muebles y est\u00e1 pronto a la inauguraci\u00f3n; y el Fuccile ya les dimos las llaves a la gente de salud\u2026 ese parece un mini hospital por la complejidad que tiene, es una obra de primer nivel, y el CAPS de Barrio Norte es muy importante para un barrio que hace m\u00e1s de 20 a\u00f1os espera ese espacio\u201d.<\/p>\n<p>Por ende, Furno concluy\u00f3 que \u201cen un contexto donde ten\u00e9s que luchar con la inflaci\u00f3n, con las empresas, con los valores y todos los problemas del pa\u00eds, se ha logrado concretar las obras y hay que analizar que es un logro de la administraci\u00f3n el hecho de poder ir pagando las obras, que las empresas est\u00e9n al d\u00eda y que la Municipalidad no se pare. Eso marca un orden de la Municipalidad desde el punto de vista institucional\u201d.<\/p>\n","protected":false},"excerpt":{"rendered":"<p>Durante un contacto telef\u00f3nico con \u201cVoces de la Ciudad\u201d, el secretario de Planeamiento, Obras y Servicios P\u00fablicos de la comuna, Adri\u00e1n Furno, destac\u00f3 los esfuerzos que realiza el Ejecutivo Municipal para, aun en un contexto duro de la econom\u00eda, avanzar con obras necesarias y algunas inconclusas. \u00a0 La primera consulta del periodista Jorge G\u00f3mez al [&hellip;]<\/p>\n","protected":false},"author":3,"featured_media":95552,"comment_status":"closed","ping_status":"closed","sticky":false,"template":"","format":"standard","meta":{"footnotes":""},"categories":[3],"tags":[],"class_list":["post-99347","post","type-post","status-publish","format-standard","has-post-thumbnail","category-masnoticias"],"_links":{"self":[{"href":"https:\/\/primicias2262.com\/noticias\/wp-json\/wp\/v2\/posts\/99347","targetHints":{"allow":["GET"]}}],"collection":[{"href":"https:\/\/primicias2262.com\/noticias\/wp-json\/wp\/v2\/posts"}],"about":[{"href":"https:\/\/primicias2262.com\/noticias\/wp-json\/wp\/v2\/types\/post"}],"author":[{"embeddable":true,"href":"https:\/\/primicias2262.com\/noticias\/wp-json\/wp\/v2\/users\/3"}],"replies":[{"embeddable":true,"href":"https:\/\/primicias2262.com\/noticias\/wp-json\/wp\/v2\/comments?post=99347"}],"version-history":[{"count":0,"href":"https:\/\/primicias2262.com\/noticias\/wp-json\/wp\/v2\/posts\/99347\/revisions"}],"wp:attachment":[{"href":"https:\/\/primicias2262.com\/noticias\/wp-json\/wp\/v2\/media?parent=99347"}],"wp:term":[{"taxonomy":"category","embeddable":true,"href":"https:\/\/primicias2262.com\/noticias\/wp-json\/wp\/v2\/categories?post=99347"},{"taxonomy":"post_tag","embeddable":true,"href":"https:\/\/primicias2262.com\/noticias\/wp-json\/wp\/v2\/tags?post=99347"}],"curies":[{"name":"wp","href":"https:\/\/api.w.org\/{rel}","templated":true}]}}