{"id":99351,"date":"2023-04-19T12:52:14","date_gmt":"2023-04-19T15:52:14","guid":{"rendered":"https:\/\/primicias2262.com\/?p=99351"},"modified":"2023-04-19T12:52:14","modified_gmt":"2023-04-19T15:52:14","slug":"paritaria-municipal-en-linea-con-la-inflacion-del-primer-trimestre-el-aumento-para-los-haberes-de-abril-sera-de-217","status":"publish","type":"post","link":"https:\/\/primicias2262.com\/noticias\/paritaria-municipal-en-linea-con-la-inflacion-del-primer-trimestre-el-aumento-para-los-haberes-de-abril-sera-de-217\/","title":{"rendered":"Paritaria municipal: en l\u00ednea con la inflaci\u00f3n del primer trimestre, el aumento para los haberes de abril ser\u00e1 de 21,7%"},"content":{"rendered":"<p><strong>Si bien falta sellar el acta, que ser\u00eda este jueves en la comuna, se lleg\u00f3 a un acuerdo de palabra entre el Ejecutivo y los gremios STM, ATE y Guardavidas para estar al nivel de la inflaci\u00f3n. Asimismo, se reconfirm\u00f3 el hecho de mantener di\u00e1logos trimestrales y ya no una paritaria anual.<\/strong><\/p>\n<p>En los estudios de \u201cVoces de la Ciudad\u201d, el secretario adjunto del Sindicato de Trabajadores Municipales de Necochea, Gast\u00f3n D\u00edaz, dio cuenta de una reuni\u00f3n formal entre el Ejecutivo y los gremios el \u00faltimo martes y confirm\u00f3: \u201cEl primer trimestre dio 21,7% de inflaci\u00f3n, y es lo que se va a trasladar como aumento para los haberes de abril, a percibirse los primeros d\u00edas de mayo. Este jueves firmar\u00edamos el acta acuerdo con el Ejecutivo\u201d.<\/p>\n<p>A diferencia de otros a\u00f1os, D\u00edaz manifest\u00f3 que \u201ceste a\u00f1o en las reuniones preliminares que tuvimos con el Ejecutivo tomamos la decisi\u00f3n conjunta de volver a tener paritarias cortas, es decir, trimestrales, y tener como piso lo que marque la inflaci\u00f3n, no por debajo de eso\u201d, y de esa manera evitar lo que sucedi\u00f3 en 2022, que se acord\u00f3 un aumento anual y se termin\u00f3 con dificultades para ponerse de acuerdo en un contexto de mucha incertidumbre por la inflaci\u00f3n.<\/p>\n<p>Ante esta perspectiva comunicada por D\u00edaz, se abrir\u00eda por tanto otro periodo de negociaciones una vez que transcurran los meses de abril, mayo y junio. \u201cLas necesidades nuestras son much\u00edsimas y sabemos que los recursos son bastante escasos, por ejemplo un sueldo b\u00e1sico de un ingresante, con este aumento, se ir\u00eda a 67 mil pesos de bruto, pero a eso le ten\u00e9s que hacer los descuentos de ley que es un casi un 20%, con lo cual ten\u00e9s 13 mil pesos menos y un ingresante cobra 54 mil pesos de bolsillo\u201d, referenci\u00f3 finalmente.<\/p>\n<p><a href=\"https:\/\/primicias2262.com\/wp-content\/uploads\/2021\/03\/rojas-stm.jpeg\"><img loading=\"lazy\" decoding=\"async\" class=\"aligncenter size-full wp-image-74756\" src=\"https:\/\/primicias2262.com\/wp-content\/uploads\/2021\/03\/rojas-stm.jpeg\" alt=\"\" width=\"1280\" height=\"847\" \/><\/a><\/p>\n","protected":false},"excerpt":{"rendered":"<p>Si bien falta sellar el acta, que ser\u00eda este jueves en la comuna, se lleg\u00f3 a un acuerdo de palabra entre el Ejecutivo y los gremios STM, ATE y Guardavidas para estar al nivel de la inflaci\u00f3n. Asimismo, se reconfirm\u00f3 el hecho de mantener di\u00e1logos trimestrales y ya no una paritaria anual. En los estudios [&hellip;]<\/p>\n","protected":false},"author":3,"featured_media":70594,"comment_status":"closed","ping_status":"closed","sticky":false,"template":"","format":"standard","meta":{"footnotes":""},"categories":[3],"tags":[],"class_list":["post-99351","post","type-post","status-publish","format-standard","has-post-thumbnail","category-masnoticias"],"_links":{"self":[{"href":"https:\/\/primicias2262.com\/noticias\/wp-json\/wp\/v2\/posts\/99351","targetHints":{"allow":["GET"]}}],"collection":[{"href":"https:\/\/primicias2262.com\/noticias\/wp-json\/wp\/v2\/posts"}],"about":[{"href":"https:\/\/primicias2262.com\/noticias\/wp-json\/wp\/v2\/types\/post"}],"author":[{"embeddable":true,"href":"https:\/\/primicias2262.com\/noticias\/wp-json\/wp\/v2\/users\/3"}],"replies":[{"embeddable":true,"href":"https:\/\/primicias2262.com\/noticias\/wp-json\/wp\/v2\/comments?post=99351"}],"version-history":[{"count":0,"href":"https:\/\/primicias2262.com\/noticias\/wp-json\/wp\/v2\/posts\/99351\/revisions"}],"wp:attachment":[{"href":"https:\/\/primicias2262.com\/noticias\/wp-json\/wp\/v2\/media?parent=99351"}],"wp:term":[{"taxonomy":"category","embeddable":true,"href":"https:\/\/primicias2262.com\/noticias\/wp-json\/wp\/v2\/categories?post=99351"},{"taxonomy":"post_tag","embeddable":true,"href":"https:\/\/primicias2262.com\/noticias\/wp-json\/wp\/v2\/tags?post=99351"}],"curies":[{"name":"wp","href":"https:\/\/api.w.org\/{rel}","templated":true}]}}