{"id":99360,"date":"2023-04-19T14:17:06","date_gmt":"2023-04-19T17:17:06","guid":{"rendered":"https:\/\/primicias2262.com\/?p=99360"},"modified":"2023-04-19T14:17:06","modified_gmt":"2023-04-19T17:17:06","slug":"el-cambio-radical-del-edil-gonzalo-diez-en-menos-de-diez-anos","status":"publish","type":"post","link":"https:\/\/primicias2262.com\/noticias\/el-cambio-radical-del-edil-gonzalo-diez-en-menos-de-diez-anos\/","title":{"rendered":"El cambio \u201cradical\u201d del edil Gonzalo Diez en menos de diez a\u00f1os"},"content":{"rendered":"<p><strong>De responsabilizar de los problemas de seguridad en 2014 al ex gobernador Daniel Scioli, ante la propuesta de funcionamiento de escuelas de Polic\u00eda, a sugerirle a la actual gesti\u00f3n comunal de Necochea, en este 2023 y entre otros planteos, por la creaci\u00f3n de un Consejo Municipal de Seguridad, o sea casi lindante a que sea el municipio el encargado y responsable de este servicio que es de total y absoluta responsabilidad del Estado bonaerense.<\/strong><\/p>\n<p>Durante un video informativo que circul\u00f3 esta semana en las redes donde se lo ve al presidente del bloque de la Uni\u00f3n C\u00edvica Radical-Juntos, Gonzalo Diez, brindando una reflexi\u00f3n acerca de la problem\u00e1tica de inseguridad que atraviesa el distrito, el dirigente del centenario propone e invita finalmente al intendente Arturo Rojas a debatir y favorecer la creaci\u00f3n de un denominado \u201cConsejo Municipal de Seguridad\u201d, o en otras palabras, que la comuna se termine haci\u00e9ndose cargo del sistema de seguridad, lo que muestra una m\u00e1s que presunta contradicci\u00f3n con la postura considerada hist\u00f3rica de la UCR local, la que en 2014 -por citar un hecho fiable- se expres\u00f3 en contra de la creaci\u00f3n de la Polic\u00eda Local -con el funcionamiento de una escuela en nuestro medio-, tras un anuncio y proposici\u00f3n del por entonces gobernador Daniel Scioli, iniciativa que se desalent\u00f3 y se dio de baja tras la asunci\u00f3n de Mar\u00eda Eugenia Vidal al frente del Ejecutivo bonaerense, como as\u00ed del ex jefe municipal necochense, Facundo L\u00f3pez.<\/p>\n<p>En diciembre de este a\u00f1o se estar\u00e1 cumpliendo el 40\u00ba aniversario de la recuperaci\u00f3n del funcionamiento de las instituciones de la democracia, y si hay un tema recurrente que ha atravesado al pa\u00eds, la provincia y tambi\u00e9n nuestro medio durante todo ese lapso es el de la seguridad.<\/p>\n<p>En Necochea, el presidente del bloque de la Uni\u00f3n C\u00edvica Radical-Juntos, Gonzalo Diez, viene teniendo a la seguridad como una suerte de \u201ccaballito de batalla\u201d en su derrotero como dirigente pol\u00edtico y en el contexto del presente a\u00f1o electoral vuelve a desempolvar la cuesti\u00f3n para dar cuenta -desde su visi\u00f3n- que persiste el inter\u00e9s en la problem\u00e1tica.<\/p>\n<p>Durante los \u00faltimos d\u00edas volvi\u00f3 al centro de la escena con un reclamo dirigido al intendente Arturo Rojas, donde lo insta a que se traslade al Concejo Deliberante para que sea parte del debate en torno a la creaci\u00f3n del denominado \u201cConsejo Municipal de Seguridad\u201d.<\/p>\n<p>Pero hay una suerte de posible, por no decir expresa contradicci\u00f3n en el mensaje difundido por el edil Diez, y para ello vale remontarse a un debate que se dio en 2014 -y que lo incluy\u00f3 tambi\u00e9n al citado concejal-, el pen\u00faltimo a\u00f1o de la gobernaci\u00f3n de Daniel Scioli, quien al inaugurar el periodo de sesiones ordinarias de la Legislatura de aquel a\u00f1o anunci\u00f3 la creaci\u00f3n de las escuelas de polic\u00eda en comunas como la nuestra.<\/p>\n<p>Pocos d\u00edas despu\u00e9s de conocerse el anuncio de Scioli se traslad\u00f3 un debate que se produjo en el invierno necochense con una consulta popular no vinculante para ver si se adher\u00eda o no localmente a la puesta en marcha de la polic\u00eda comunal -con la creaci\u00f3n de una escuela al efecto-, iniciativa que ya hab\u00eda firmado con la Provincia el por entonces intendente Jos\u00e9 Luis Vidal.<\/p>\n<p><a href=\"https:\/\/primicias2262.com\/wp-content\/uploads\/2023\/04\/images.jpg\"><img loading=\"lazy\" decoding=\"async\" class=\"alignleft size-full wp-image-99368\" src=\"https:\/\/primicias2262.com\/wp-content\/uploads\/2023\/04\/images.jpg\" alt=\"\" width=\"299\" height=\"168\" \/><\/a>Se recuerda que como corolario la escuela municipal de polic\u00eda se aprob\u00f3 por mayor\u00eda en el Concejo Deliberante -validando la r\u00fabrica de Vidal con la administraci\u00f3n Scioli-, pero antes de aquel voto popular no vinculante en el HCD, de la aprobaci\u00f3n e incluso de la puesta en marcha de los recordados \u201cpitufos\u201d que finalmente se formaron y se asentaron en el Polideportivo Municipal \u201cEdgardo Hugo Yelpo\u201d, el periodista Jorge G\u00f3mez entrevist\u00f3 en el oto\u00f1o de 2014 en su programa de radio al tambi\u00e9n por entonces presidente del bloque de concejales del radicalismo, doctor Alberto Esnaola, quien por supuesto act\u00faa como la postura oficial del Comit\u00e9 Emiliano Ab\u00e1solo, e incluso de buena parte de la ciudadan\u00eda, dando cuenta de estar en contra del anuncio de Scioli.<\/p>\n<p><strong>ESNAOLA, EN 2014<\/strong><\/p>\n<p>Esnaola pronunci\u00f3 hace 9 a\u00f1os atr\u00e1s, por ejemplo, que \u201csiendo responsable de este tema (seguridad) el gobierno de la Provincia de Buenos Aires desde hace m\u00e1s de dos d\u00e9cadas -aludiendo al peronismo como administrador bonaerense-, esta no deja de ser una medida m\u00e1s tendiente a sacarse el sayo de la responsabilidad de tener una polic\u00eda profesional, seria y capacitada. Creo que esto es una bomba de humo y se va aprobar, porque lo que pretenden es seguir sac\u00e1ndose responsabilidades de encima sin soluciones de fondo\u201d.<\/p>\n<p>Ironizaba incluso Esnaola que \u201ca los intendentes del interior de Buenos Aires los quieren convertir en sheriff. En el caso de nuestra ciudad -se recuerda los dichos de 2014- ya lo han convertido casi en m\u00e9dico porque estamos sosteniendo m\u00e1s del 90% de la salud p\u00fablica; y ahora nos quiere tirar la responsabilidad de que el intendente sea un sheriff. No es una planificaci\u00f3n seria, hay una falta de capacitaci\u00f3n respecto al recurso humano de la polic\u00eda, donde en tres meses hoy salen a la calle, gener\u00e1ndole inseguridad al propio agente policial, donde no se busca vocaci\u00f3n sino una salida laboral, y obviamente pone en riesgo a la poblaci\u00f3n en general. Y eso es responsabilidad del gobernador. Siguen demostrando desde hace m\u00e1s de dos d\u00e9cadas -siempre refiri\u00e9ndose al peronismo como actor gobernante de la Provincia- un alto grado de improvisaci\u00f3n. Y me pregunto. \u00bfhasta cu\u00e1ndo la sociedad va a seguir tolerando gobernadores en la Provincia de esta naturaleza?\u201d.<\/p>\n<p>Nueve a\u00f1os despu\u00e9s, en este 2023, casi nada ha cambiado frente a la misma problem\u00e1tica, aunque lo que s\u00ed pareciera haber mutado es la postura del edil Gonzalo Diez, quien plantea -observando el hilo de su actual postura- que sea la propia Municipalidad de Necochea la que deber\u00eda hacerse cargo de la seguridad, cuando es la Provincia, seg\u00fan lo establece la Constituci\u00f3n bonaerense, la que debe hacerlo, es decir, no existe hoy alternativa de que el intendente de Necochea, por ejemplo, le est\u00e9 dando \u00f3rdenes o directivas a la polic\u00eda. Y ni qu\u00e9 hablar de decirle a la Justicia qu\u00e9 hacer con los que aprehenden los agentes policiales bonaerenses.<\/p>\n<p>Y en este marco vale preguntarse, por dar un punto de vista, cuando el concejal Diez realiza el planteo como presidente de bloque: \u00bfse expresa en nombre de la totalidad del radicalismo de Necochea, y de su bloque que lo componen otros tres miembros m\u00e1s?<\/p>\n<p>Y si es as\u00ed -se reitera-: \u00bfSu postura cuenta con el aval de las autoridades del Comit\u00e9 de este a\u00f1o, o lo hace en atenci\u00f3n a las posiciones del radicalismo de 2014?<\/p>\n<p><strong>\u00bfQU\u00c9 PROPONE HOY DIEZ?<\/strong><\/p>\n<p>En el mensaje informado a la prensa y observado en redes sociales, el concejal Diez dio cuenta estos d\u00edas de lo siguiente:<\/p>\n<p>\u201cFinalmente, la seguridad o su ausencia, la inseguridad, se convirti\u00f3 en un tema del que todos hablan. Y digo finalmente, aunque no felizmente. Hubiese querido que hoy este tema no ocupara las principales noticias de los medios y sea uno de los motivos de mayor sufrimiento de los necochenses. No es mi intenci\u00f3n reclamar por los derechos de autor por un tema que nadie se atrev\u00eda a mencionar en sus campa\u00f1as, pero no est\u00e1 de m\u00e1s recordar que en el 2015 presentamos un Plan Integral de Seguridad centrado principalmente en el desarrollo de una red de seguridad asentada en la colocaci\u00f3n de Puntos Seguros diseminados en los espacios p\u00fablicos de la ciudad, que por un lado sirviesen de soporte de infraestructura a la propia polic\u00eda y por otro ayudara al Estado local a ocupar el espacio p\u00fablico, desarrollando pol\u00edticas con acciones concretas que promoviesen conductas saludables. Este proyecto lo tom\u00f3 el actual intendente Arturo Rojas en su campa\u00f1a, luego de ganar las PASO 2019. Sin embargo, luego de 8 a\u00f1os no se avanz\u00f3 en nada, y ninguna de las dos administraciones ha planteado una solo pol\u00edtica novedosa que hubiese servido para no tener que soportar hoy la realidad con la que convivimos. Otros dirigentes de la oposici\u00f3n que creyeron durante estos \u00faltimos a\u00f1os en el argumento oficial, seg\u00fan el cual la seguridad es responsabilidad excluyente de la provincia, hoy se despiertan, solicitan intervenci\u00f3n local, piden renuncias y prenden lucecitas de colores que apagaron de manera deliberada para evitar entrar en un debate que, sin dudas, incomoda.<\/p>\n<p>La preocupante situaci\u00f3n nos brinda a todos una enorme oportunidad; a los que la ocultaron a redimirse y a los que sosten\u00edamos la bandera del involucramiento y responsabilizaci\u00f3n de la pol\u00edtica local en el tema a redoblar esfuerzos para lograr una intervenci\u00f3n coherente y sostenida en el tiempo. Es por ello que en el transcurso del a\u00f1o anterior presentamos tambi\u00e9n el proyecto de ordenanza de constituci\u00f3n del Consejo Municipal de Seguridad Ciudadana que hoy duerme en el caj\u00f3n del escritorio del intendente municipal. Lo seguimos esperando en el Concejo Deliberante para un debate, que hasta el d\u00eda de hoy esquiv\u00f3. Queremos que comparta con nosotros su evaluaci\u00f3n sobre el desempe\u00f1o de la polic\u00eda bonaerense en nuestro territorio y que justifique por qu\u00e9 no se realizan ajustes que prevengan los hechos delictivos ante tantas se\u00f1ales de alarma.<\/p>\n<p>Encontr\u00e9monos en la misma mesa para abordar los problemas que nos aquejan, el Consejo Municipal de Seguridad Ciudadana es la herramienta. Hoy tenemos una enorme oportunidad a partir de darnos cuenta de que el sufrimiento de la gente es real, y vamos a seguir invitando al Intendente a que debata en el Concejo Deliberante la constituci\u00f3n del Consejo Municipal de Seguridad. La sociedad nos est\u00e1 interpelando a todos y nos tenemos que hacer cargo\u201d.<\/p>\n<p><strong>DOCUMENTO RADICAL DE SEPTIEMBRE DE 2014<\/strong><\/p>\n<p>Frente a esta posici\u00f3n, modelo 2023, calificada de \u201cradical\u201d de parte de Diez viene a cuenta y se impone el documento que present\u00f3 la UCR el 4 de septiembre de 2014 (bajo el t\u00edtulo \u201cEl respeto a la voluntad popular y con la firma\u00a0 incluso de Diez), un p\u00e1rrafo que reza la siguiente afirmaci\u00f3n: \u201cHoy llega el momento de volver a abrevar en las fuentes de nuestro Partido y ratificar el compromiso previo de respetar a los casi tres mil ciudadanos que con su PARTICIPACI\u00d3N (consulta popular no vinculante, flaca en concurrencia de p\u00fablico, pero que finalmente result\u00f3 ganadora la posici\u00f3n del \u201cno\u201d) expresaron su rechazo al sistema policial promovido por el GOBERNADOR DANIEL SCIOLI. No hacerlo ser\u00eda lisa y llanamente no creer en la democracia semi directa y obrar contra las ense\u00f1anzas de RAUL ALFONSIN y nuestros pr\u00f3ceres partidarios\u201d.<\/p>\n<p><strong>Conclusi\u00f3n:<\/strong> en menos de una d\u00e9cada las ense\u00f1anzas del ex presidente Alfons\u00edn y las importantes figuras surgidas de las filas de la UCR parecen haber quedado en el olvido para el aludido edil del presente radicalismo-Juntos, quien dice no querer reclamar derechos de autor, pero lo hace abiertamente en los albores de la campa\u00f1a electoral 2023.<\/p>\n<p>Cuando se lo escucha y se lo lee al concejal Gonzalo Diez de hoy y revisamos lo actuado por la UCR en 2014 se da de bruces contra el pensamiento que ha tenido el centenario partido en Necochea.<\/p>\n<p>Se lo puede votar o no, pero el radicalismo de Necochea siempre ha sido coherente, ha tenido posturas claras y firmas, y sorpresivamente aparece el presidente del bloque de la UCR en este a\u00f1o, proponiendo que el municipio se haga cargo de la seguridad.<\/p>\n<p>Vale a cuento de que el municipio ya se hizo cargo de la salud en el \u00faltimo lustro de la d\u00e9cada del \u201970 del siglo pasado; \u00bfy ahora tendr\u00eda que hacerse cargo de la seguridad?<\/p>\n<p>Por ello cabe preguntarse cu\u00e1l ser\u00e1 la postura del radicalismo a nivel partidario, no de alguien que pareciera que se expresara -con la libertad total que le ofrece el cargo de concejal- a t\u00edtulo personal.<\/p>\n<p>\u00bfLos dichos de Esnaola de 2014, que es la que ha sostenido el radicalismo hist\u00f3ricamente y que tiene rango constitucional se los puede comparar con la posici\u00f3n actual del edil Diez?<\/p>\n<p>El radicalismo de aquel entonces dec\u00eda \u201cNO\u201d porque le corresponde a la Provincia de Buenos Aires el tema de la seguridad, y fue la postura que siempre ha mantenido por lo menos hasta que esta semana en la que se conoci\u00f3 la del actual presidente de bloque, acaso, en un nuevo inter\u00e9s de intentar mejorar su imagen pol\u00edtica.<\/p>\n<p>Mientras tanto, como aporte al debate, lo que se estar\u00eda necesitando ser\u00eda que en bloque, todo el arco pol\u00edtico local, concurra o se exprese pedirle a la Provincia mayores recursos humanos para el cuerpo policial local, que se devuelvan los 40 efectos que fueron retirados de la tropa necochense en octubre de 2021 y no regresaron m\u00e1s.<\/p>\n<p>Pedir al actual gobernador escuelas de capacitaci\u00f3n de personal policial ya que en aquel momento -a\u00f1o 2014- el espacio de formaci\u00f3n era muy corto y en eso ten\u00eda raz\u00f3n Esnaola. O pedir m\u00e1s m\u00f3viles y que le paguen mejor, mucho mejor a polic\u00eda actuante en el servicio.<\/p>\n<p>Pero si el sistema democr\u00e1tico en cuatro d\u00e9cadas no le ha encontrado la vuelta a este tema, \u00bfC\u00f3mo se pretende que lo encuentre el Concejo Deliberante de Necochea, con sus 20 concejales?<\/p>\n<p>Surge decir que es algo mucho m\u00e1s complejo que llevarlo al terreno pol\u00edtico partidario en el contexto de un a\u00f1o electoral en curso, lo cual le hace flaco favor a los problemas que tiene -y que se apilan todos los d\u00edas- la sociedad en general.<\/p>\n<p>Leamos, para a\u00f1adir, un fragmento del documento presentado por la Uni\u00f3n C\u00edvica Radical el 4 de septiembre de 2014 bajo el t\u00edtulo \u201cEl respeto a la voluntad popular\u201d, en v\u00edsperas de la que fue la sesi\u00f3n ordinaria en la que se dio su aprobaci\u00f3n a la creaci\u00f3n de la escuela de polic\u00eda en Necochea:<\/p>\n<p>\u201cDesde el nacimiento de nuestro Partido el respeto a la SOBERANIA POPULAR fue la profesi\u00f3n de fe que nos legaron ALEM\u00a0 e YIRIGOYEN, el compromiso c\u00edvico y republicano de BALBIN e ILLIA, y la consolidaci\u00f3n de la democracia moderna en nuestro Pa\u00eds por RA\u00daL ALFONSIN, quien entre muchos legados nos dej\u00f3 las formas semi-directas de participaci\u00f3n con la ejemplar CONSULTA POPULAR que sell\u00f3 la Paz con la Republica hermana de CHILE, y su expresi\u00f3n en las reforma de la CONSTITUCI\u00d3N NACIONAL de 1994 y las CONSTITUCIONES PROVINCIALES del 1983 hasta la fecha.-<\/p>\n<p>La f\u00e9rrea convicci\u00f3n de los radicales sobre la importancia de conocer la opini\u00f3n del pueblo en temas de trascendencia social, motiv\u00f3 al Bloque de Concejales de la UNION C\u00cdVICA RADICAL a convocar a la CONSULTA POPULAR de los d\u00edas 29 y 30 de agosto que fuera aprobada por UNANIMIDAD DEL CONCEJO DELIBERANTE.-<\/p>\n<p>Hoy llega el momento de volver a abrevar en las fuentes de nuestro Partido y ratificar el compromiso previo de respetar a los casi tres mil ciudadanos que con su PARTICIPACI\u00d3N expresaron su rechazo al sistema policial promovido por el GOBERNADOR DANIEL SCIOLI, no hacerlo ser\u00eda lisa y llanamente no creer en la democracia semi directa y obrar contra las ense\u00f1anzas de RAUL ALFONSIN y nuestros pr\u00f3ceres partidarios.<\/p>\n<p>Firmas: AMORENA NORA (ex Conc), AZCOITI, PEDRO JOS\u00c8 (ex Dip.Nac), AZCUETA MARIA CRISTINA (ex Sen Pcial), ANDRADE SILVINA, ARDANAZ ROBERTO, BARRERA JUAN CARLOS, BENAVIDEZ GLORIA, BERNARD (H) LEOPOLDO (ex Conc), BERTOLDI CESAR (ex Conc), BERTOLDI MAR\u00cdA CAROLA, BETBEDER JUAN ANTONIO, BIDEGAIN ALEJANDRO, BURDE ALBINA, CABRETON FELICITAS, CABRETON, MAR\u00ccA JOS\u00c9, CAILLAVET MARY, CORIA ISIDRO, CORREA SERGIO, DIAZ ADRIANA (ex Conc),<strong>DIEZ GONZALO(Conc)<\/strong>, ECHEVERRY OMAR, DIEZ MARIO (ex Conc), ENRIQUEZ LUIS, RUPPEL MATEO, MACIEL CAMILO, UNIBASO DAMIAN, ESNAOLA ALBERTO (Conc)\u2026\u201d y siguen las firmas.<\/p>\n<p><strong>LA ESCUELA DE POLICIA 2014<\/strong><\/p>\n<p>Y finalmente se reproduce por aqu\u00ed el contenido de la ordenanza aprobada el 11 de septiembre de 2014, adhiriendo a la creaci\u00f3n de la escuela de Polic\u00eda en nuestra ciudad<\/p>\n<p><strong>VISTO:-<\/strong><\/p>\n<p>La solicitud realizada a fs. 1, para la implementaci\u00f3n en la Ciudad de Necochea, de la Escuela Descentralizada de Polic\u00eda \u201cJuan Vucetich\u201d, para formaci\u00f3n del personal policial de esta zona; y<\/p>\n<p><strong>CONSIDERANDO:-<\/strong><\/p>\n<p>Que el pedido surge de la implementaci\u00f3n de la Emergencia en Seguridad, dictada por el se\u00f1or Gobernador de la Provincia de Buenos Aires;<\/p>\n<p>Que se ha propuesto y acondicionado las instalaciones del Polideportivo Municipal, sito en calle 67 entre calle 8 y Avenida 10 de nuestra ciudad, para el funcionamiento de dicho Centro de Formaci\u00f3n;<\/p>\n<p>Que el Polideportivo Municipal cuenta con dos aulas para 30 alumnos cada una y un comedor para 60 personas, de esta manera, intercalando los horarios, pueden dictarse clases para 120 alumnos;<\/p>\n<p>Que en este lugar se dictar\u00e1 la parte acad\u00e9mica y la parte f\u00edsica;<\/p>\n<p>Que se deja constancia a fs. 5, que a partir del 16 de junio del corriente a\u00f1o, la Escuela Descentralizada de Polic\u00eda \u201cJuan Vucetich\u201d de Necochea, ha comenzado a funcionar;<\/p>\n<p>Que por lo antes dicho, es necesario suscribir el Contrato de Comodato respectivo para su uso, cuyo modelo se adjunta a fs. 11;<\/p>\n<p>POR TODO ELLO EL H. CONCEJO DELIBERANTE, en uso de sus leg\u00edtimas atribuciones sanciona la siguiente:-<\/p>\n<p><strong>O R D E N A N Z A N\u00ba 8250\/14<\/strong><\/p>\n<p>ART\u00cdCULO 1\u00b0:- Autor\u00edzase al Intendente Interino Municipal, para que en nombre y representaci\u00f3n de la Municipalidad de Necochea, suscriba Contrato de Comodato con el Ministerio de Seguridad de la Provincia de Buenos Aires, en un todo de acuerdo al modelo de Contrato de Comodato, que obra agregado a estas actuaciones de fs. 20 a 22 y Anexo 1.- ART\u00cdCULO 2\u00b0:- Comun\u00edquese al Departamento Ejecutivo y dem\u00e1s.-<\/p>\n<p>Dada en la Sala de Sesiones del H. Concejo Deliberante en la ciudad de Necochea, en Sesi\u00f3n Ordinaria realizada a los once d\u00edas del mes de septiembre de dos mil catorce.<\/p>\n","protected":false},"excerpt":{"rendered":"<p>De responsabilizar de los problemas de seguridad en 2014 al ex gobernador Daniel Scioli, ante la propuesta de funcionamiento de escuelas de Polic\u00eda, a sugerirle a la actual gesti\u00f3n comunal de Necochea, en este 2023 y entre otros planteos, por la creaci\u00f3n de un Consejo Municipal de Seguridad, o sea casi lindante a que sea [&hellip;]<\/p>\n","protected":false},"author":3,"featured_media":99367,"comment_status":"closed","ping_status":"closed","sticky":false,"template":"","format":"standard","meta":{"footnotes":""},"categories":[3],"tags":[],"class_list":["post-99360","post","type-post","status-publish","format-standard","has-post-thumbnail","category-masnoticias"],"_links":{"self":[{"href":"https:\/\/primicias2262.com\/noticias\/wp-json\/wp\/v2\/posts\/99360","targetHints":{"allow":["GET"]}}],"collection":[{"href":"https:\/\/primicias2262.com\/noticias\/wp-json\/wp\/v2\/posts"}],"about":[{"href":"https:\/\/primicias2262.com\/noticias\/wp-json\/wp\/v2\/types\/post"}],"author":[{"embeddable":true,"href":"https:\/\/primicias2262.com\/noticias\/wp-json\/wp\/v2\/users\/3"}],"replies":[{"embeddable":true,"href":"https:\/\/primicias2262.com\/noticias\/wp-json\/wp\/v2\/comments?post=99360"}],"version-history":[{"count":0,"href":"https:\/\/primicias2262.com\/noticias\/wp-json\/wp\/v2\/posts\/99360\/revisions"}],"wp:attachment":[{"href":"https:\/\/primicias2262.com\/noticias\/wp-json\/wp\/v2\/media?parent=99360"}],"wp:term":[{"taxonomy":"category","embeddable":true,"href":"https:\/\/primicias2262.com\/noticias\/wp-json\/wp\/v2\/categories?post=99360"},{"taxonomy":"post_tag","embeddable":true,"href":"https:\/\/primicias2262.com\/noticias\/wp-json\/wp\/v2\/tags?post=99360"}],"curies":[{"name":"wp","href":"https:\/\/api.w.org\/{rel}","templated":true}]}}