{"id":99371,"date":"2023-04-20T15:27:48","date_gmt":"2023-04-20T18:27:48","guid":{"rendered":"https:\/\/primicias2262.com\/?p=99371"},"modified":"2023-04-20T15:27:48","modified_gmt":"2023-04-20T18:27:48","slug":"el-intendente-rojas-y-la-provincia-inauguraron-el-servicio-de-gas-natural-en-claraz","status":"publish","type":"post","link":"https:\/\/primicias2262.com\/noticias\/el-intendente-rojas-y-la-provincia-inauguraron-el-servicio-de-gas-natural-en-claraz\/","title":{"rendered":"El intendente Rojas y la Provincia inauguraron el servicio de gas natural en Claraz"},"content":{"rendered":"<p><strong>En un d\u00eda hist\u00f3rico para la localidad de Claraz, se inaugur\u00f3 la obra del suministro de gas natural que hab\u00eda quedado inconclusa en 2019 y que el gobierno provincial actual, junto a los pedidos efectuados por la gesti\u00f3n municipal del intendente Arturo Rojas, decidi\u00f3 llevar a la realidad a trav\u00e9s de la operatoria de la empresa BAGSA.<\/strong><\/p>\n<p>En un d\u00eda hist\u00f3rico para Claraz, se inaugur\u00f3 la obra que garantiza el acceso al servicio de gas natural a m\u00e1s de 650 habitantes de la localidad, un hecho largamente esperado por la poblaci\u00f3n al norte del distrito de Necochea. La ceremonia oficial en la Plaza Libertad fue encabezada por el intendente municipal, Arturo Rojas, junto al subsecretario de Energ\u00eda de la Provincia, Gast\u00f3n Ghioni, y el presidente de la empresa p\u00fablica que desarroll\u00f3 los trabajos, Buenos Aires Gas SA, Pablo P\u00e9rez.<\/p>\n<p>Antes de ello, en el gasoducto propiamente dicho, a unos 2 kil\u00f3metros de distancia, se realiz\u00f3 una recorrida guiada por agentes de BAGSA alrededor de la Planta Reguladora de Presi\u00f3n y el posterior corte de cintas entre Rojas y dem\u00e1s autoridades, acci\u00f3n que result\u00f3 ser el \u00faltimo eslab\u00f3n para dar una respuesta concreta a la demanda y lucha del pueblo de Claraz, que vio c\u00f3mo la obra fue abandonada desde sus inicios en 2017 y mediante la decisi\u00f3n pol\u00edtica del actual gobierno de la provincia de Buenos Aires se pudo completar. Desde ahora 165 domicilios, m\u00e1s de 650 personas y las instituciones de Claraz disfrutar\u00e1n de las bondades de esta pol\u00edtica p\u00fablica.<\/p>\n\n<p>&nbsp;<\/p>\n<p>Habi\u00e9ndose sumado a las gestiones en el reclamo por el gasoducto de Claraz desde su llegada a la intendencia, Arturo Rojas afirm\u00f3 que \u201ceste es un d\u00eda muy significativo para todos los vecinos de esta querida localidad, se trata de una obra que hab\u00eda comenzado hace varios a\u00f1os pero no hab\u00eda concluido\u201d, y en ese aspecto se expres\u00f3 agradecido con Axel Kicillof.<\/p>\n<p>\u201cAgradezco en primer lugar al gobernador por habernos escuchado en conversaciones sobre obras inconclusas en localidades del interior, c\u00f3mo tambi\u00e9n la predisposici\u00f3n y el trabajo de la gente de BAGSA\u201d, manifest\u00f3 el Intendente, para enfatizar que \u00abesto tiene que ver con decisiones pol\u00edticas que se traduzcan en obras trascendentales para los vecinos\u00bb.<\/p>\n<p><a href=\"https:\/\/primicias2262.com\/wp-content\/uploads\/2023\/04\/20-04-FOTO-Arturo-Rojas-Claraz.jpeg\"><img loading=\"lazy\" decoding=\"async\" class=\"aligncenter size-full wp-image-99375\" src=\"https:\/\/primicias2262.com\/wp-content\/uploads\/2023\/04\/20-04-FOTO-Arturo-Rojas-Claraz.jpeg\" alt=\"\" width=\"1600\" height=\"1066\" \/><\/a>\u201cAl no tener rentabilidad y ganancias, estos son lugares donde las empresas privadas no vienen con un servicio tan vital para todos los vecinos\u201d, y por ende \u201cestas obras concretas que mejoran la calidad de vida nos tienen que hacer reflexionar de la importancia del Estado, ya que esto va a ser un antes y un despu\u00e9s para los domicilios, la Unidad Sanitaria, los establecimientos educativos, las instituciones de Claraz y las empresas que se puedan conectar al gas, que es mucho m\u00e1s seguro y barato y servir\u00e1 para alentar a la producci\u00f3n\u201d, argument\u00f3 el Intendente.<\/p>\n<p>Al cerrar su mensaje, Rojas reflexion\u00f3 por lo tanto que \u201ceste es el camino: sin mezquindades pol\u00edticas ni ideolog\u00edas que tiendan a sesgar, agradezco porque en el caso nuestro que somos un partido vecinal hemos tenido la mejor predisposici\u00f3n tanto del gobierno provincial como nacional para llevar adelante pol\u00edticas p\u00fablicas. Ese es nuestro objetivo, trabajar de manera mancomunada para que los vecinos tengan m\u00e1s servicios y haya m\u00e1s progreso para los pueblos del interior, que tambi\u00e9n existen y son muy importantes para nosotros\u201d.<\/p>\n\n<p>En una l\u00ednea similar, el presidente de BAGSA, Pablo P\u00e9rez, manifest\u00f3 que \u201ces un d\u00eda de satisfacci\u00f3n\u201d, e hizo menci\u00f3n a una pol\u00edtica p\u00fablica que permite mejorar la calidad de vida de las personas y el desarrollo con el Estado presente, al tiempo que el subsecretario de Energ\u00eda, dependiente del Ministerio de Infraestructura y Servicios P\u00fablicos, Gast\u00f3n Ghioni, defini\u00f3 que \u201ces una alegr\u00eda inaugurar esta obra que inici\u00f3 en 2017 y en 2019 qued\u00f3 a medio hacer, lo que implic\u00f3 una desidia y nos llev\u00f3 un tiempo largo, por eso agradezco a BAGSA por renegociar el contrato anterior, rescindirlo y buscar una nueva licitaci\u00f3n\u201d. Esta obra llev\u00f3 una inversi\u00f3n estimada a valores actuales de 450 millones de pesos \u201cy es importante destacar rol del Estado en este tipo de proyecto, sin lo cual no puede haber desarrollo local, trabajo de calidad ni oportunidades. El Estado provincial llega all\u00ed donde hay una necesidad que no es rentable para las empresas\u201d, concluy\u00f3.<\/p>\n\n<p>&nbsp;<\/p>\n<p>Como corolario de un d\u00eda hist\u00f3rico para Claraz, se encendi\u00f3 la llama votiva -s\u00edmbolo del acceso al gas en la localidad- en la plaza entre las autoridades mencionadas y el delegado municipal de Claraz, Jos\u00e9 Garc\u00eda, acto que cont\u00f3 con la compa\u00f1\u00eda de alumnos y docentes de la Escuela Primaria N\u00ba 16, vecinos de Claraz, funcionarios del Departamento Ejecutivo y autoridades pol\u00edticas en general.<\/p>\n<p>Para abastecer a la localidad de Claraz con gas natural por red, vale destacar que BAGSA realiz\u00f3 un gasoducto de 1900 m de longitud con interconexi\u00f3n al gasoducto existente \u201cBarker Necochea\u201d. Adem\u00e1s se realiz\u00f3 una estaci\u00f3n de regulaci\u00f3n de presi\u00f3n y medici\u00f3n que contar\u00e1 con sistema de separaci\u00f3n de polvo y l\u00edquido, medici\u00f3n del gas y odorizaci\u00f3n en instalaci\u00f3n a\u00e9rea.<\/p>\n\n","protected":false},"excerpt":{"rendered":"<p>En un d\u00eda hist\u00f3rico para la localidad de Claraz, se inaugur\u00f3 la obra del suministro de gas natural que hab\u00eda quedado inconclusa en 2019 y que el gobierno provincial actual, junto a los pedidos efectuados por la gesti\u00f3n municipal del intendente Arturo Rojas, decidi\u00f3 llevar a la realidad a trav\u00e9s de la operatoria de la [&hellip;]<\/p>\n","protected":false},"author":3,"featured_media":99377,"comment_status":"closed","ping_status":"closed","sticky":false,"template":"","format":"standard","meta":{"footnotes":""},"categories":[3],"tags":[],"class_list":["post-99371","post","type-post","status-publish","format-standard","has-post-thumbnail","category-masnoticias"],"_links":{"self":[{"href":"https:\/\/primicias2262.com\/noticias\/wp-json\/wp\/v2\/posts\/99371","targetHints":{"allow":["GET"]}}],"collection":[{"href":"https:\/\/primicias2262.com\/noticias\/wp-json\/wp\/v2\/posts"}],"about":[{"href":"https:\/\/primicias2262.com\/noticias\/wp-json\/wp\/v2\/types\/post"}],"author":[{"embeddable":true,"href":"https:\/\/primicias2262.com\/noticias\/wp-json\/wp\/v2\/users\/3"}],"replies":[{"embeddable":true,"href":"https:\/\/primicias2262.com\/noticias\/wp-json\/wp\/v2\/comments?post=99371"}],"version-history":[{"count":0,"href":"https:\/\/primicias2262.com\/noticias\/wp-json\/wp\/v2\/posts\/99371\/revisions"}],"wp:attachment":[{"href":"https:\/\/primicias2262.com\/noticias\/wp-json\/wp\/v2\/media?parent=99371"}],"wp:term":[{"taxonomy":"category","embeddable":true,"href":"https:\/\/primicias2262.com\/noticias\/wp-json\/wp\/v2\/categories?post=99371"},{"taxonomy":"post_tag","embeddable":true,"href":"https:\/\/primicias2262.com\/noticias\/wp-json\/wp\/v2\/tags?post=99371"}],"curies":[{"name":"wp","href":"https:\/\/api.w.org\/{rel}","templated":true}]}}