{"id":99397,"date":"2023-04-20T15:38:17","date_gmt":"2023-04-20T18:38:17","guid":{"rendered":"https:\/\/primicias2262.com\/?p=99397"},"modified":"2023-04-20T15:38:17","modified_gmt":"2023-04-20T18:38:17","slug":"este-viernes-se-inaugura-la-nueva-sede-del-caps-fucile-en-la-playa","status":"publish","type":"post","link":"https:\/\/primicias2262.com\/noticias\/este-viernes-se-inaugura-la-nueva-sede-del-caps-fucile-en-la-playa\/","title":{"rendered":"Este viernes se inaugura la nueva sede del CAPS Fucile en la playa"},"content":{"rendered":"<p>En la ma\u00f1ana de este viernes 21 de abril se llevar\u00e1 a cabo la inauguraci\u00f3n de la nueva sede del Centro de Salud \u00abDr. Carlos Fucile\u00bb, en calle 71 entre 4 y 6.<\/p>\n<p>El acto, que ser\u00e1 encabezado por el intendente municipal Arturo Rojas y el ministro de Salud de la Provincia de Buenos Aires, Nicol\u00e1s Kreplak, dar\u00e1 inicio a las 10.<\/p>\n","protected":false},"excerpt":{"rendered":"<p>En la ma\u00f1ana de este viernes 21 de abril se llevar\u00e1 a cabo la inauguraci\u00f3n de la nueva sede del Centro de Salud \u00abDr. Carlos Fucile\u00bb, en calle 71 entre 4 y 6. El acto, que ser\u00e1 encabezado por el intendente municipal Arturo Rojas y el ministro de Salud de la Provincia de Buenos Aires, [&hellip;]<\/p>\n","protected":false},"author":3,"featured_media":99399,"comment_status":"closed","ping_status":"closed","sticky":false,"template":"","format":"standard","meta":{"footnotes":""},"categories":[5],"tags":[],"class_list":{"0":"post-99397","1":"post","2":"type-post","3":"status-publish","4":"format-standard","5":"has-post-thumbnail","7":"category-neco"},"_links":{"self":[{"href":"https:\/\/primicias2262.com\/noticias\/wp-json\/wp\/v2\/posts\/99397","targetHints":{"allow":["GET"]}}],"collection":[{"href":"https:\/\/primicias2262.com\/noticias\/wp-json\/wp\/v2\/posts"}],"about":[{"href":"https:\/\/primicias2262.com\/noticias\/wp-json\/wp\/v2\/types\/post"}],"author":[{"embeddable":true,"href":"https:\/\/primicias2262.com\/noticias\/wp-json\/wp\/v2\/users\/3"}],"replies":[{"embeddable":true,"href":"https:\/\/primicias2262.com\/noticias\/wp-json\/wp\/v2\/comments?post=99397"}],"version-history":[{"count":0,"href":"https:\/\/primicias2262.com\/noticias\/wp-json\/wp\/v2\/posts\/99397\/revisions"}],"wp:featuredmedia":[{"embeddable":true,"href":"https:\/\/primicias2262.com\/noticias\/wp-json\/"}],"wp:attachment":[{"href":"https:\/\/primicias2262.com\/noticias\/wp-json\/wp\/v2\/media?parent=99397"}],"wp:term":[{"taxonomy":"category","embeddable":true,"href":"https:\/\/primicias2262.com\/noticias\/wp-json\/wp\/v2\/categories?post=99397"},{"taxonomy":"post_tag","embeddable":true,"href":"https:\/\/primicias2262.com\/noticias\/wp-json\/wp\/v2\/tags?post=99397"}],"curies":[{"name":"wp","href":"https:\/\/api.w.org\/{rel}","templated":true}]}}