{"id":99401,"date":"2023-04-20T15:54:05","date_gmt":"2023-04-20T18:54:05","guid":{"rendered":"https:\/\/primicias2262.com\/?p=99401"},"modified":"2023-04-20T15:54:05","modified_gmt":"2023-04-20T18:54:05","slug":"mauro-velazquez-confirmo-el-arribo-a-necochea-del-programa-construir-seguridad-ciudadana","status":"publish","type":"post","link":"https:\/\/primicias2262.com\/noticias\/mauro-velazquez-confirmo-el-arribo-a-necochea-del-programa-construir-seguridad-ciudadana\/","title":{"rendered":"Mauro Vel\u00e1zquez confirm\u00f3 el arribo a Necochea del programa \u201cConstruir Seguridad Ciudadana\u201d"},"content":{"rendered":"<p><strong>El aspirante a la Intendencia de Necochea, miembro del Frente Renovador dentro del Frente de Todos, y actual concejal, se reuni\u00f3 con autoridades del Ministerio de Seguridad de la Naci\u00f3n. Consistir\u00e1 en la presencia durante el mayo pr\u00f3ximo de la instalaci\u00f3n de contenedores en tres puntos estrat\u00e9gicos de la ciudad desde donde se orientar\u00e1 a la prevenci\u00f3n del delito y las violencias<\/strong><\/p>\n<p><strong>Por Jorge G\u00f3mez<\/strong><\/p>\n<p><a href=\"https:\/\/primicias2262.com\/wp-content\/uploads\/2021\/08\/Gomez.jpg\"><img loading=\"lazy\" decoding=\"async\" class=\"alignleft size-thumbnail wp-image-80409\" src=\"https:\/\/primicias2262.com\/wp-content\/uploads\/2021\/08\/Gomez-150x150.jpg\" alt=\"\" width=\"150\" height=\"150\" \/><\/a>El precandidato a intendente de Necochea por el Frente Renovador dentro del Frente para Todos y actual presidente del interbloque bloque del Frente de Todos en el Concejo Deliberante local, Mauro Vel\u00e1zquez, realiz\u00f3 gestiones en el Ministerio de Seguridad de la Naci\u00f3n con el prop\u00f3sito de que arribe a nuestro distrito el programa Construir Seguridad Ciudadana. Este est\u00e1 orientado a la prevenci\u00f3n del delito y las violencias del territorio.<\/p>\n<p>El dirigente local se reuni\u00f3 con el director de Participaci\u00f3n Ciudadana del mencionado Ministerio, Mariano Kolonia, quien garantiz\u00f3 llegada de este programa a nuestra ciudad, el que se lo podr\u00e1 apreciar durante tres jornadas consecutivas.<\/p>\n<p>Se pudo saber que el plan en cuesti\u00f3n, que alienta el gobierno nacional, trata de capacitaciones destinadas a agencias gubernamentales, organizaciones sociales y p\u00fablico en general, con talleres de prevenci\u00f3n de bullying y ciberbullying, grooming, como as\u00ed tambi\u00e9n avanza en tem\u00e1ticas como la prevenci\u00f3n de violencias contra la mujer, la tercera edad, noviazgos violentos, identificaci\u00f3n de la trata de personas, b\u00fasqueda de personas, entre otras.<\/p>\n<p>Mauro Vel\u00e1zquez dio cuenta que la citada actividad se desarrollar\u00eda durante el devenir del pr\u00f3ximo mes de mayo, a trav\u00e9s de la instalaci\u00f3n de contenedores y en tres puntos estrat\u00e9gicos de Necochea.<\/p>\n<p>Se inform\u00f3 que al finalizar la reuni\u00f3n de la que tom\u00f3 parte aquel funcionario nacional y el aspirante a la Intendencia local el primero reconoci\u00f3 la preocupaci\u00f3n de Mauro Vel\u00e1zquez por considerar alternativas para considerar la problem\u00e1tica y tras lo cual empezaron a delinear una agenda en com\u00fan.<\/p>\n","protected":false},"excerpt":{"rendered":"<p>El aspirante a la Intendencia de Necochea, miembro del Frente Renovador dentro del Frente de Todos, y actual concejal, se reuni\u00f3 con autoridades del Ministerio de Seguridad de la Naci\u00f3n. Consistir\u00e1 en la presencia durante el mayo pr\u00f3ximo de la instalaci\u00f3n de contenedores en tres puntos estrat\u00e9gicos de la ciudad desde donde se orientar\u00e1 a [&hellip;]<\/p>\n","protected":false},"author":3,"featured_media":99402,"comment_status":"closed","ping_status":"closed","sticky":false,"template":"","format":"standard","meta":{"footnotes":""},"categories":[3],"tags":[],"class_list":["post-99401","post","type-post","status-publish","format-standard","has-post-thumbnail","category-masnoticias"],"_links":{"self":[{"href":"https:\/\/primicias2262.com\/noticias\/wp-json\/wp\/v2\/posts\/99401","targetHints":{"allow":["GET"]}}],"collection":[{"href":"https:\/\/primicias2262.com\/noticias\/wp-json\/wp\/v2\/posts"}],"about":[{"href":"https:\/\/primicias2262.com\/noticias\/wp-json\/wp\/v2\/types\/post"}],"author":[{"embeddable":true,"href":"https:\/\/primicias2262.com\/noticias\/wp-json\/wp\/v2\/users\/3"}],"replies":[{"embeddable":true,"href":"https:\/\/primicias2262.com\/noticias\/wp-json\/wp\/v2\/comments?post=99401"}],"version-history":[{"count":0,"href":"https:\/\/primicias2262.com\/noticias\/wp-json\/wp\/v2\/posts\/99401\/revisions"}],"wp:attachment":[{"href":"https:\/\/primicias2262.com\/noticias\/wp-json\/wp\/v2\/media?parent=99401"}],"wp:term":[{"taxonomy":"category","embeddable":true,"href":"https:\/\/primicias2262.com\/noticias\/wp-json\/wp\/v2\/categories?post=99401"},{"taxonomy":"post_tag","embeddable":true,"href":"https:\/\/primicias2262.com\/noticias\/wp-json\/wp\/v2\/tags?post=99401"}],"curies":[{"name":"wp","href":"https:\/\/api.w.org\/{rel}","templated":true}]}}