{"id":99415,"date":"2023-04-21T16:07:41","date_gmt":"2023-04-21T19:07:41","guid":{"rendered":"https:\/\/primicias2262.com\/?p=99415"},"modified":"2023-04-21T16:07:41","modified_gmt":"2023-04-21T19:07:41","slug":"lo-que-tenemos-que-recuperar-en-la-politica-local-son-politicos-con-los-problemas-de-la-gente","status":"publish","type":"post","link":"https:\/\/primicias2262.com\/noticias\/lo-que-tenemos-que-recuperar-en-la-politica-local-son-politicos-con-los-problemas-de-la-gente\/","title":{"rendered":"\u201cLo que tenemos que recuperar en la pol\u00edtica local son pol\u00edticos con los problemas de la gente\u201d"},"content":{"rendered":"<p><strong>As\u00ed lo asegur\u00f3 Daniel \u201cYanqui\u201d L\u00f3pez, precandidato a intendente por el Frente de Todos desde la corriente Patria Grande, al visitar los estudios de \u201cVoces de la Ciudad\u201d, donde entre otras cuestiones afirm\u00f3 tener un proyecto local claro y que es fundamental participar de la vida ciudadana y escuchar a la gente.<\/strong><\/p>\n<p>Durante la nota realizada por el periodista Jorge G\u00f3mez, quien representa la l\u00ednea de Juan Grabois en Necochea, Daniel \u201cYanqui\u201d L\u00f3pez, asegur\u00f3 de cara a las elecciones de este a\u00f1o tener un proyecto local claro. En ese aspecto, revel\u00f3 que \u201cun punto tiene que ver con el ordenamiento urbano: tenemos que ordenar Necochea y Quequ\u00e9n que est\u00e1n teniendo un crecimiento demogr\u00e1fico e inmobiliario importante y desorganizado, queremos el progresismo del desarrollo inmobiliario, pero tiene que ser ordenado\u201d.<\/p>\n<p>\u201cNo podemos estar creciendo para el sur y el norte sin ning\u00fan tipo de orden y con lo que significa eso en cuesti\u00f3n de servicios b\u00e1sicos como luz, cloaca o agua, m\u00e1s sabiendo que los actuales municipios son meras delegaciones del gobernador, es decir, no ten\u00e9s capacidad de recaudar impuestos\u201d, m\u00e1s all\u00e1 de la tasa municipal de contraprestaci\u00f3n.<\/p>\n<p>En ese sentido, puso al Estado como eje ordenador de las cosas: \u201cTenemos que lograr un reordenamiento urbano y eso se hace desde el Estado, llevando servicios a determinados lugares. No puede ser que tengas bald\u00edos y manzanas enteras sin habilitar en el centro y sin embargo la ciudad crece para otros lugares sin servicios, los cuales despu\u00e9s te los exigen, entonces hay que hacer ese ordenamiento\u201d.<\/p>\n<p>Por consiguiente, crey\u00f3 sumamente necesario sentarse a planificar: \u201cHay que actualizar el plan urbano ambiental con todos los actores, como clubes, sociedades de fomento, periodismo, instituciones pol\u00edticas y colegios de profesionales para ponerse de acuerdo en tres ideas base de c\u00f3mo queremos el desarrollo de la ciudad, y definir el perfil productivo y tur\u00edstico\u201d, y \u201csaber que cuando tom\u00e1s deciciones vas a ten\u00e9s gente a favor y en contra, pero hay que tener la valent\u00eda suficiente para tomar esas decisiones y explicarle a la ciudadan\u00eda que no es contra de ning\u00fan sector y que responde a una mayor\u00eda que se puso de acuerdo\u201d.<\/p>\n<p>Fue en ese contexto cuando le hizo un reclamo a la clase gobernante actual de la ciudad. \u201cLo que tenemos que recuperar en la pol\u00edtica necochense son pol\u00edticos con problemas de la gente, participar de la vida ciudadana de Necochea, escuchar a la gente y tener informaci\u00f3n\u201d, y al respecto revel\u00f3 entre risas que \u201cel contacto con la gente me gusta mucho, estoy como en 20 pe\u00f1as, y es que hay una cuesti\u00f3n en pol\u00edtica que tenemos que estar cerca de la gente y sufrir los problemas de la gente\u201d.<\/p>\n<p>En cuanto a otro eje de gesti\u00f3n, afirm\u00f3 el nacido en New York que \u201ctenemos que construir un cintur\u00f3n frutihort\u00edcola en la ciudad, no puede ser que no tengamos\u2026 est\u00e1 actualmente la Uni\u00f3n de Trabajadores de la Tierra, que son unos 30 quinteros de la comunidad boliviana con muy poco apoyo del Estado, pero la obligaci\u00f3n de la pol\u00edtica es contenerlos y escucharlos, como debe hacer con todas las instituciones, al vecino de a pie como a la gente organizada, a la cual hay que darle un valor agregado\u201d.<\/p>\n<p><strong>Su vida en la militancia y su presente en Puentes<\/strong><\/p>\n<p>Sobre su recorrido hasta la presente pretensi\u00f3n de intendencia, cont\u00f3 que \u201cuno no es nuevo en esto de la militancia, tengo 44 a\u00f1os y milito desde los 14\u201d, y acerca de su particular apodo (m\u00e1s gente lo conoce como Yanqui que como Daniel), describi\u00f3 que \u201cmi pap\u00e1 conoci\u00f3 a mi mam\u00e1 en New York, tuvieron familia y yo soy neoyorquino como mi hermano, pero hace como 20 a\u00f1os que no vuelvo a Estados Unidos, aunque mi mam\u00e1 vive actualmente all\u00e1\u201d.<\/p>\n<p>El \u201cYanqui\u201d empez\u00f3 militando en Necochea, luego lo hizo en La Plata a nivel universitario y de una manera m\u00e1s territorial durante unos 20 a\u00f1os en la ciudad de Buenos Aires, pero ahora su vida est\u00e1 en Necochea, donde est\u00e1 en pareja y con un hijo de dos a\u00f1os y medio, y desarrolla un importante trabajo comunitario en la casa de la Red Nacional Puente, en 54 entre 61 y 63, que es un dispositivo que llega a personas con problema de consumo u otras adicciones y el entorno de la misma. \u201cEl sujeto pol\u00edtico que decidimos abarcar desde Puentes es el absolutamente marginal y lumpen, que existe y mucho en la ciudad, y alguien tiene que hacer algo con esa persona, que es la responsable de los hechos de inseguridad que se ven a diario.<\/p>\n<p>\u201cTiene que ver con qu\u00e9 mirada tenemos de la ciudad: la nuestra es humanista, cristiana y contempladora, que no quiere decir que sea pasiva y no se haga nada, pero s\u00ed una mirada plural de la ciudad donde nos escuchemos todos, que es lo que no est\u00e1 pasando en este momento\u201d.<\/p>\n<p>Volviendo al tema pol\u00edtico-partidario, inform\u00f3 que \u201ctenemos varios lugares f\u00edsicos, nos reunimos en Casa Puente, en 54 N\u00ba 3065 frente al Centro Cultural, tenemos un local adem\u00e1s en 78 y 57 y tenemos cuatro comedores y centros comunitarios en los barrios Fonavi, Campana y Aguas Corrientes. \u201cPara m\u00ed viene una etapa maravillosa que es que la militancia se ponga a pensar mucho, a deliberar, discutir y ponernos de acuerdo, a eso nos obliga este sistema de coaliciones\u201d, que dicho sea de paso, opin\u00f3 a nivel macro que \u201cnuestro sistema pol\u00edtico no est\u00e1 acostumbrado al sistema de coaliciones, exist\u00edan hist\u00f3ricamente dos partidos claros con un tercero que pod\u00eda ser m\u00e1s progresista o liberal, pero en este momento en cambio, el sistema pol\u00edtico argentino es un sistema de coaliciones y no estamos acostumbrados, la institucionalidad argentina no est\u00e1 acostumbrada y tampoco la militancia\u201d.<\/p>\n<p>Incluso, en todo este contexto asegur\u00f3 que quien mayor crecimiento est\u00e1 teniendo en los \u00faltimos tiempos es un candidato que no pertenece a ninguna coalici\u00f3n y que tiene un personalismo fuerte como es Javier Milei.<\/p>\n<p>Finalmente, el \u201cYanqui\u201d revel\u00f3 que \u201csoy productor agropecuario y vivo de eso, tengo 100 hect\u00e1reas de campo que hered\u00e9 de mi viejo, y en la interrelaci\u00f3n con muchos de mis compa\u00f1eros que trabajan en el Estado surge el teme, y con ciertos axiomas que se tiran, sobre todo dentro del Frente de Todos con respecto al campo y la actividad agr\u00edcola\u201d.<\/p>\n","protected":false},"excerpt":{"rendered":"<p>As\u00ed lo asegur\u00f3 Daniel \u201cYanqui\u201d L\u00f3pez, precandidato a intendente por el Frente de Todos desde la corriente Patria Grande, al visitar los estudios de \u201cVoces de la Ciudad\u201d, donde entre otras cuestiones afirm\u00f3 tener un proyecto local claro y que es fundamental participar de la vida ciudadana y escuchar a la gente. Durante la nota [&hellip;]<\/p>\n","protected":false},"author":3,"featured_media":99417,"comment_status":"closed","ping_status":"closed","sticky":false,"template":"","format":"standard","meta":{"footnotes":""},"categories":[3],"tags":[],"class_list":["post-99415","post","type-post","status-publish","format-standard","has-post-thumbnail","category-masnoticias"],"_links":{"self":[{"href":"https:\/\/primicias2262.com\/noticias\/wp-json\/wp\/v2\/posts\/99415","targetHints":{"allow":["GET"]}}],"collection":[{"href":"https:\/\/primicias2262.com\/noticias\/wp-json\/wp\/v2\/posts"}],"about":[{"href":"https:\/\/primicias2262.com\/noticias\/wp-json\/wp\/v2\/types\/post"}],"author":[{"embeddable":true,"href":"https:\/\/primicias2262.com\/noticias\/wp-json\/wp\/v2\/users\/3"}],"replies":[{"embeddable":true,"href":"https:\/\/primicias2262.com\/noticias\/wp-json\/wp\/v2\/comments?post=99415"}],"version-history":[{"count":0,"href":"https:\/\/primicias2262.com\/noticias\/wp-json\/wp\/v2\/posts\/99415\/revisions"}],"wp:attachment":[{"href":"https:\/\/primicias2262.com\/noticias\/wp-json\/wp\/v2\/media?parent=99415"}],"wp:term":[{"taxonomy":"category","embeddable":true,"href":"https:\/\/primicias2262.com\/noticias\/wp-json\/wp\/v2\/categories?post=99415"},{"taxonomy":"post_tag","embeddable":true,"href":"https:\/\/primicias2262.com\/noticias\/wp-json\/wp\/v2\/tags?post=99415"}],"curies":[{"name":"wp","href":"https:\/\/api.w.org\/{rel}","templated":true}]}}