{"id":99441,"date":"2023-04-21T18:00:00","date_gmt":"2023-04-21T21:00:00","guid":{"rendered":"https:\/\/primicias2262.com\/?p=99441"},"modified":"2023-04-21T18:00:00","modified_gmt":"2023-04-21T21:00:00","slug":"con-la-presencia-del-ministro-kreplak-se-inauguro-la-nueva-sede-balnearia-del-caps-dr-fucile","status":"publish","type":"post","link":"https:\/\/primicias2262.com\/noticias\/con-la-presencia-del-ministro-kreplak-se-inauguro-la-nueva-sede-balnearia-del-caps-dr-fucile\/","title":{"rendered":"Con la presencia del ministro Kreplak, se inaugur\u00f3 la nueva sede balnearia del CAPS Dr. Fucile"},"content":{"rendered":"<p><strong>El ministro de Salud Nicol\u00e1s Kreplak, junto con el intendente Arturo Rojas, inauguraron el Centro de Atenci\u00f3n Primaria de la Salud \u00abCarlos Fucile\u00bb, a la vez que se hizo entrega de dos ambulancias, una de alta complejidad para el municipio y otra de traslado, destinada al Hospital Provincial \u201cTaraborelli\u201d. Adem\u00e1s, Kreplak y su equipo supervisaron las obras que se ejecutan en el hospital para construir dos casas de externaci\u00f3n y un local comercial.<\/strong><\/p>\n<p>Se trata de una <strong>inversi\u00f3n total provincial de $292.000.000<\/strong>. En detalle, el nuevo CAPS demand\u00f3 una inversi\u00f3n de<strong> $110.000.000<\/strong>. Las ambulancias fueron adquiridas por el gobierno provincial, una por un valor de<strong> $26.000.000 <\/strong>y la otra de <strong>$12.000.000<\/strong>. Se trata del CAPS n\u00famero 138 y las ambulancias 127 y 128, que otorga el gobierno de Axel Kicillof, desde el comienzo de la gesti\u00f3n.<\/p>\n<p><a href=\"https:\/\/primicias2262.com\/wp-content\/uploads\/2023\/04\/WhatsApp-Image-2023-04-21-at-2.22.59-PM.jpeg\"><img loading=\"lazy\" decoding=\"async\" class=\"aligncenter size-full wp-image-99453\" src=\"https:\/\/primicias2262.com\/wp-content\/uploads\/2023\/04\/WhatsApp-Image-2023-04-21-at-2.22.59-PM.jpeg\" alt=\"\" width=\"1600\" height=\"1066\" \/><\/a>Con una inversi\u00f3n provincial<strong> $145.000.000<\/strong>, se construyen las viviendas que albergar\u00e1n a diecis\u00e9is usuarios de salud mental y el local donde vender\u00e1n los productos que elaboran de forma artesanal.<\/p>\n<p>\u201cDesde hoy el sistema de salud de Necochea se refuerza con dos ambulancias para que el sistema de emergencias est\u00e9 m\u00e1s robusto y m\u00e1s s\u00f3lido. Todos los efectores y localidades de este distrito, cuentan con m\u00e1s recursos\u201d, afirm\u00f3 Kreplak.<\/p>\n\n<p>Asimismo, el ministro destac\u00f3 que \u201cadem\u00e1s, estamos inaugurando un nuevo centro de salud. Es uno de los 137 nuevos que en tres a\u00f1os de la gesti\u00f3n de Axel Kicillof relocaliz\u00f3 y construy\u00f3 a nuevo. Estas gestiones no tienen antecedentes y es la primera vez que la provincia toma una pol\u00edtica activa de construir centros de salud en toda la provincia por igual. Ac\u00e1 ya comenzamos a materializar la red de atenci\u00f3n y cuidados en el interior de nuestra provincia\u201d.<\/p>\n<p>Por su parte, el intendente agradeci\u00f3 a su equipo \u00abque hizo posible este centro de salud, pero sobre todo a la provincia que pudo recepcionar estos pedidos y tambi\u00e9n al gobernador que tuvo la decisi\u00f3n pol\u00edtica de hacernos llegar esta ambulancia y este CAPS. Esta inversi\u00f3n va en l\u00ednea con el modelo de la provincia de fortalecer el primer nivel de atenci\u00f3n local y el proyecto que nosotros tenemos para la ciudad de Necochea\u201d.<\/p>\n<p><a href=\"https:\/\/primicias2262.com\/wp-content\/uploads\/2023\/04\/WhatsApp-Image-2023-04-21-at-2.21.36-PM.jpeg\"><img loading=\"lazy\" decoding=\"async\" class=\"aligncenter size-full wp-image-99444\" src=\"https:\/\/primicias2262.com\/wp-content\/uploads\/2023\/04\/WhatsApp-Image-2023-04-21-at-2.21.36-PM.jpeg\" alt=\"\" width=\"1600\" height=\"1066\" \/><\/a><\/p>\n<p><a href=\"https:\/\/primicias2262.com\/wp-content\/uploads\/2023\/04\/WhatsApp-Image-2023-04-21-at-2.21.29-PM.jpeg\"><img loading=\"lazy\" decoding=\"async\" class=\"aligncenter size-full wp-image-99442\" src=\"https:\/\/primicias2262.com\/wp-content\/uploads\/2023\/04\/WhatsApp-Image-2023-04-21-at-2.21.29-PM.jpeg\" alt=\"\" width=\"1600\" height=\"1066\" \/><\/a><strong><u>CAPS, AMBULANCIAS Y OBRAS EN EJECUCI\u00d3N<\/u><\/strong><\/p>\n<p>El nuevo CAPS forma parte de las obras gestionadas para fortalecer los centros del primer nivel de atenci\u00f3n y que demandaron una inversi\u00f3n total de la Provincia superior a los $2.500 millones. Ya se realizaron y entregaron 138. Otras 82 obras se est\u00e1n ejecutando, por un monto de m\u00e1s de 8 mil millones.<\/p>\n<p>El flamante centro que se relocaliz\u00f3 y construy\u00f3 a nuevo, est\u00e1 emplazado en calle 71 N\u00b0 280 y cuenta con seis consultorios: cuatro para atenci\u00f3n general, uno de odontolog\u00eda y uno de ginecolog\u00eda, con equipamiento totalmente nuevo. Adem\u00e1s, posee sanitarios para personas con discapacidad, dep\u00f3sitos y sal\u00f3n de usos m\u00faltiples.<\/p>\n\n<p>Una consulta popular eligi\u00f3 el nombre de Carlos Fucile, en memoria del m\u00e9dico local que falleci\u00f3 por un infarto de miocardio en la playa, tras no lograr ser atendido por la emergencia, producto de la lejan\u00eda del efector municipal y la costa.<\/p>\n<p>Por otra parte, las ambulancias otorgadas constituyen el n\u00famero 38 y 39 que entreg\u00f3 el gobierno provincial en 2023. El municipio suma una ambulancia de alta complejidad para mejorar las derivaciones y traslados. El hospital contar\u00e1 con una nueva ambulancia para traslados, que forma parte de la entrega de este tipo veh\u00edculos para los cuatro hospitales neuropsiqui\u00e1tricos provinciales.<\/p>\n<p><a href=\"https:\/\/primicias2262.com\/wp-content\/uploads\/2023\/04\/WhatsApp-Image-2023-04-21-at-2.21.37-PM.jpeg\"><img loading=\"lazy\" decoding=\"async\" class=\"aligncenter size-full wp-image-99445\" src=\"https:\/\/primicias2262.com\/wp-content\/uploads\/2023\/04\/WhatsApp-Image-2023-04-21-at-2.21.37-PM.jpeg\" alt=\"\" width=\"1600\" height=\"1066\" \/><\/a>Con respecto a las viviendas y al local que se est\u00e1n construyendo para el \u201cTaraborelli\u201d, las casas tendr\u00e1n capacidad para albergar a 16 usuarios y en el local se realizar\u00e1 la producci\u00f3n y venta de los art\u00edculos que elaboran ellos mismos: dulces, sobres, artesan\u00edas, entre otros productos.<\/p>\n<p>A la jornada asistieron el jefe de Gabinete, Salvador Giorgi; la viceministra Alexia Navarro, la subsecretaria de Salud Mental, Consumos Problem\u00e1ticos y Violencias, Julieta Calmels; los directores ejecutivos y asociados de la Regi\u00f3n Sanitaria VIII, Gast\u00f3n Vargas y Martina Iparraguirre; y los directores del \u201cTaraborelli\u201d, Carlos Gallego, Leticia Bilbao y Gustavo Ottaviano.<\/p>\n\n","protected":false},"excerpt":{"rendered":"<p>El ministro de Salud Nicol\u00e1s Kreplak, junto con el intendente Arturo Rojas, inauguraron el Centro de Atenci\u00f3n Primaria de la Salud \u00abCarlos Fucile\u00bb, a la vez que se hizo entrega de dos ambulancias, una de alta complejidad para el municipio y otra de traslado, destinada al Hospital Provincial \u201cTaraborelli\u201d. Adem\u00e1s, Kreplak y su equipo supervisaron [&hellip;]<\/p>\n","protected":false},"author":3,"featured_media":99450,"comment_status":"closed","ping_status":"closed","sticky":false,"template":"","format":"standard","meta":{"footnotes":""},"categories":[3],"tags":[],"class_list":["post-99441","post","type-post","status-publish","format-standard","has-post-thumbnail","category-masnoticias"],"_links":{"self":[{"href":"https:\/\/primicias2262.com\/noticias\/wp-json\/wp\/v2\/posts\/99441","targetHints":{"allow":["GET"]}}],"collection":[{"href":"https:\/\/primicias2262.com\/noticias\/wp-json\/wp\/v2\/posts"}],"about":[{"href":"https:\/\/primicias2262.com\/noticias\/wp-json\/wp\/v2\/types\/post"}],"author":[{"embeddable":true,"href":"https:\/\/primicias2262.com\/noticias\/wp-json\/wp\/v2\/users\/3"}],"replies":[{"embeddable":true,"href":"https:\/\/primicias2262.com\/noticias\/wp-json\/wp\/v2\/comments?post=99441"}],"version-history":[{"count":0,"href":"https:\/\/primicias2262.com\/noticias\/wp-json\/wp\/v2\/posts\/99441\/revisions"}],"wp:attachment":[{"href":"https:\/\/primicias2262.com\/noticias\/wp-json\/wp\/v2\/media?parent=99441"}],"wp:term":[{"taxonomy":"category","embeddable":true,"href":"https:\/\/primicias2262.com\/noticias\/wp-json\/wp\/v2\/categories?post=99441"},{"taxonomy":"post_tag","embeddable":true,"href":"https:\/\/primicias2262.com\/noticias\/wp-json\/wp\/v2\/tags?post=99441"}],"curies":[{"name":"wp","href":"https:\/\/api.w.org\/{rel}","templated":true}]}}