{"id":99467,"date":"2023-04-24T13:53:49","date_gmt":"2023-04-24T16:53:49","guid":{"rendered":"https:\/\/primicias2262.com\/?p=99467"},"modified":"2023-04-24T13:53:49","modified_gmt":"2023-04-24T16:53:49","slug":"se-firmo-un-aumento-del-217-para-los-gremios-stm-ate-y-guardavidas","status":"publish","type":"post","link":"https:\/\/primicias2262.com\/noticias\/se-firmo-un-aumento-del-217-para-los-gremios-stm-ate-y-guardavidas\/","title":{"rendered":"Se firm\u00f3 un aumento del 21,7% para los gremios STM, ATE y Guardavidas"},"content":{"rendered":"<p><strong>Conforme a lo establecido de palabra la semana anterior, y a la inflaci\u00f3n del primer trimestre del a\u00f1o, este lunes se rubric\u00f3 en el marco de la paritaria 2023 el aumento del 21,7% para los trabajadores a percibirse en breve con los haberes de abril.<\/strong><\/p>\n<p>De acuerdo a lo que se hab\u00eda planteado en reuniones previas, este lunes el Departamento Ejecutivo firm\u00f3 el acta con los gremios STM, ATE y Guardavidas para concretar un aumento del 21,7%, acorde a la inflaci\u00f3n del primer trimestre del a\u00f1o y a percibirse con los haberes de abril.<\/p>\n<p>En representaci\u00f3n del Sindicato de Trabajadores Municipales, el secretario adjunto Gast\u00f3n D\u00edaz, destac\u00f3 pos encuentro en el despacho del Intendente que \u201clo que hab\u00edamos acordado la semana anterior hoy se ha suscrito en un acta acuerdo: se ratific\u00f3 este 21,7% de aumento con los haberes de abril\u201d, para anticipar con optimismo que \u201cya este viernes estar\u00edan depositando para percibir el s\u00e1bado y ya incluido este aumento, que equivale a lo que ha sido la inflaci\u00f3n de enero, febrero y marzo\u201d.<\/p>\n<p>Tomando como referencia lo acordado hace exactamente un a\u00f1o, el gremialista se\u00f1al\u00f3 la importancia de mantener paritarias constantemente. \u201cTuvimos una experiencia negativa el a\u00f1o pasado cuando se intent\u00f3 acordar una paritaria anual, que finalmente qued\u00f3 muy corta y despu\u00e9s ponernos de acuerdo fue m\u00e1s dificultoso\u201d, por eso \u201ceste a\u00f1o se tom\u00f3 esta decisi\u00f3n de mantener paritarias cortas entendiendo que la incertidumbre que marca la inflaci\u00f3n al igual que el a\u00f1o anterior\u201d.<\/p>\n<p>Asimismo, D\u00edaz expres\u00f3 en representaci\u00f3n de los trabajadores que otro de los reclamos es mantener los aumentos sobre la base del \u00faltimo, y valor\u00f3 el cumplimiento de la palabra por parte de la gesti\u00f3n que encabeza el intendente Arturo Rojas.<\/p>\n<p>\u201cEl di\u00e1logo es positivo\u2026 si bien los salarios nuestros realmente est\u00e1n muy por debajo y la inflaci\u00f3n no es la real, en el sentido de que toma servicios y productos que por ah\u00ed el empleado municipal no es lo que consume, ya que nosotros tenemos un gran desfasaje en lo que es alimento -que es b\u00e1sico para cualquier trabajador y su familia- y alquileres, lo cual se ha desproporcionado y nos ha dejado muy por debajo los salarios, pero el di\u00e1logo es positivo y si bien cuesta ponerse de acuerdo una vez que logramos el acuerdo, se cumple\u201d, concluy\u00f3.<\/p>\n","protected":false},"excerpt":{"rendered":"<p>Conforme a lo establecido de palabra la semana anterior, y a la inflaci\u00f3n del primer trimestre del a\u00f1o, este lunes se rubric\u00f3 en el marco de la paritaria 2023 el aumento del 21,7% para los trabajadores a percibirse en breve con los haberes de abril. De acuerdo a lo que se hab\u00eda planteado en reuniones [&hellip;]<\/p>\n","protected":false},"author":3,"featured_media":99468,"comment_status":"closed","ping_status":"closed","sticky":false,"template":"","format":"standard","meta":{"footnotes":""},"categories":[3],"tags":[],"class_list":["post-99467","post","type-post","status-publish","format-standard","has-post-thumbnail","category-masnoticias"],"_links":{"self":[{"href":"https:\/\/primicias2262.com\/noticias\/wp-json\/wp\/v2\/posts\/99467","targetHints":{"allow":["GET"]}}],"collection":[{"href":"https:\/\/primicias2262.com\/noticias\/wp-json\/wp\/v2\/posts"}],"about":[{"href":"https:\/\/primicias2262.com\/noticias\/wp-json\/wp\/v2\/types\/post"}],"author":[{"embeddable":true,"href":"https:\/\/primicias2262.com\/noticias\/wp-json\/wp\/v2\/users\/3"}],"replies":[{"embeddable":true,"href":"https:\/\/primicias2262.com\/noticias\/wp-json\/wp\/v2\/comments?post=99467"}],"version-history":[{"count":0,"href":"https:\/\/primicias2262.com\/noticias\/wp-json\/wp\/v2\/posts\/99467\/revisions"}],"wp:attachment":[{"href":"https:\/\/primicias2262.com\/noticias\/wp-json\/wp\/v2\/media?parent=99467"}],"wp:term":[{"taxonomy":"category","embeddable":true,"href":"https:\/\/primicias2262.com\/noticias\/wp-json\/wp\/v2\/categories?post=99467"},{"taxonomy":"post_tag","embeddable":true,"href":"https:\/\/primicias2262.com\/noticias\/wp-json\/wp\/v2\/tags?post=99467"}],"curies":[{"name":"wp","href":"https:\/\/api.w.org\/{rel}","templated":true}]}}