{"id":99487,"date":"2023-04-25T08:20:11","date_gmt":"2023-04-25T11:20:11","guid":{"rendered":"https:\/\/primicias2262.com\/?p=99487"},"modified":"2023-04-25T08:20:11","modified_gmt":"2023-04-25T11:20:11","slug":"plenario-de-ucr-presentaran-una-propuesta-de-gobierno-con-un-candidato-a-intendente-radical-dentro-de-juntos","status":"publish","type":"post","link":"https:\/\/primicias2262.com\/noticias\/plenario-de-ucr-presentaran-una-propuesta-de-gobierno-con-un-candidato-a-intendente-radical-dentro-de-juntos\/","title":{"rendered":"Plenario de UCR: presentar\u00e1n una propuesta de gobierno con un candidato a intendente radical dentro de Juntos"},"content":{"rendered":"<p><strong>As\u00ed lo definieron por consenso en el plenario llevado a cabo este lunes en el Comit\u00e9 \u00abEmiliano Ab\u00e1solo\u00bb<\/strong><\/p>\n<p>\u201cDebemos poner a Necochea en el camino del desarrollo y para ello vamos a protagonizar la propuesta de gobierno con un candidato a intendente radical, dentro de Juntos, que constituya una alternativa pol\u00edtica que hace falta\u201d, expresa el comunicado consensuado en el plenario de la UCR de Necochea, llevado a cabo este lunes.<\/p>\n<p>\u201cLos radicales decidimos llegar a las elecciones con una propuesta \u00fanica que garantice la representaci\u00f3n de todos los espacios, estableci\u00e9ndose reglas claras para la selecci\u00f3n de quienes nos van a representar\u201d, agrega el texto.<\/p>\n<p><a href=\"https:\/\/primicias2262.com\/wp-content\/uploads\/2023\/04\/plenario-UCR2.jpg\"><img loading=\"lazy\" decoding=\"async\" class=\"aligncenter size-full wp-image-99489\" src=\"https:\/\/primicias2262.com\/wp-content\/uploads\/2023\/04\/plenario-UCR2.jpg\" alt=\"\" width=\"846\" height=\"543\" \/><\/a>No obstante, se aclara que \u201cse deja el plenario abierto en sesi\u00f3n permanente, hasta la celebraci\u00f3n de la Convenci\u00f3n Provincial, que marcar\u00e1 las pautas de participaci\u00f3n partidaria en Juntos\u201d. \u00a0\u00a0\u00a0Con posterioridad a dicha convenci\u00f3n los radicales necochenses volver\u00e1n a reunirse en un plenario para seguir avanzando en su estrategia electoral.<\/p>\n<p>En otras palabras, se aguardan definiciones en otros \u00e1mbitos del partido, que pueden llegar a tener repercusi\u00f3n en el distrito.<\/p>\n<p>Contrariamente a insistentes rumores y especulaciones previas, nada se dijo en el plenario acerca de un potencial acuerdo con Mart\u00edn Migueles, que aspira a ser candidato de Juntos, en representaci\u00f3n de un sector del PRO.<\/p>\n<p>El plenario de este lunes, encabezado por la presidenta Carola Bertodli y el vicepresidente Matero Ruppel, cont\u00f3 con representantes de los diversos sectores internos con que cuenta la UCR local.<\/p>\n<p><strong>FORTALECER JUNTOS<\/strong><\/p>\n<p>En el documento acordado por consenso, al que se le hicieron algunas leves correcciones, se subraya que \u201cla UCR est\u00e1 comprometida en fortalecer nuestra coalici\u00f3n Juntos, a hacerla m\u00e1s eficientes en su vida cotidiana, a intentar la forma de liderazgo colectivo como estrategia funcional a la unidad en la diversidad y a resolver los desaf\u00edos del individualismo\u201d.<\/p>\n<p>Se procura tambi\u00e9n, se\u00f1alaron, ampliar esa coalici\u00f3n \u201ccon otras fuerzas de valores similares, desterrar para siempre los obst\u00e1culos al progreso econ\u00f3mico y social y, ahora m\u00e1s que nunca, a enfrentar las amenazas antidemocr\u00e1ticas\u201d.<\/p>\n<p>En tal sentido, reflexionan que \u201cen la Argentina, en Buenos Aires y en Necochea, sistem\u00e1ticamente, vemos c\u00f3mo los diferentes gobiernos promueven y alimentan el divisionismo. Conciben a los diferentes como enemigos. En lugar de llamar al di\u00e1logo y a la b\u00fasqueda de consensos\u201d.<\/p>\n<p>Consideran que \u201cesto empeora el estado beligerante en la discusi\u00f3n p\u00fablica y dinamita las instancias de promoci\u00f3n de acuerdos para pol\u00edticas de largo plazo que saquen al pa\u00eds, la Provincia y el distrito de su largo estancamiento\u201d.<\/p>\n<p>En otro p\u00e1rrafo del documento subrayan que \u201cla UCR de Necochea renueva su desaf\u00edo este a\u00f1o, donde debe demostrarle a la sociedad que aprendimos de nuestros errores internos y que pretendemos volver a ser gobierno para logar que en el distrito se respete el manejo de la cosa p\u00fablica en favor de la comunidad y no de intereses individuales, que los servicios p\u00fablicos sean de calidad, uniformes, generales y regulares como manda la ley y no que haya ciudadanos de primera que pueden gozar de los mismos y otros que no\u201d.<\/p>\n<p><strong>COMPETITIVIDAD<\/strong><\/p>\n<p>\u201cLa UCR \u2013 aseguran- ha recobrado competitividad en los \u00faltimos a\u00f1os, pero conscientes y convencidos de la pertenencia a una coalici\u00f3n que expande nuestros l\u00edmites y con la claridad de saber\u00a0 que los desaf\u00edos que nos enfrentamos requieren de la confluencia de mayores voluntades, es que continuaremos en la constante b\u00fasqueda, a trav\u00e9s del di\u00e1logo, de lograr coincidencias program\u00e1ticas\u00a0 y espacios de participaci\u00f3n comunes con el resto de los partidos pol\u00edticos que integran Juntos y con aquellos partidos que expresen voluntad de sumarse a la construcci\u00f3n de una alternativa que se identifique con los valores de la honestidad, la transparencia, la responsabilidad y, por sobre todo, empiece a dar respuestas a nuestros vecinos\u00a0 y muestre un camino de crecimiento que debe comenzar a recorrerse\u201d.<\/p>\n<p>\u201cLos radicales de Necochea tenemos un prop\u00f3sito y un programa para perseguirlo, debemos poner a Necochea en el camino del desarrollo y para ello vamos a protagonizar la propuesta de gobierno con un candidato a intendente radical, dentro de Juntos, que constituya una alternativa pol\u00edtica que hace falta\u201d, enfatizan.<\/p>\n<figure class=\"wp-block-image size-full is-resized\"><img loading=\"lazy\" decoding=\"async\" class=\"wp-image-39842\" src=\"https:\/\/elciudadanonecochea.com.ar\/wp-content\/uploads\/2023\/04\/1.jpg\" alt=\"\" width=\"927\" height=\"300\" \/><\/figure>\n<p><strong>DEMOCRACIA AMENAZADA<\/strong><\/p>\n<p>Previamente, en los primeros p\u00e1rrafos, se advierte que \u201cel sistema democr\u00e1tico est\u00e1 en franco declive en el mundo\u201d, en tanto que \u201cla libertad y convivencia social est\u00e1n amenazadas\u201d, lo cual \u201cse expresa en el auge de la ultraderecha, que ante la falta de ideas s\u00f3lo ofrece iniciativas estrafalarias\u201d.<\/p>\n<p>Y se\u00f1alan que la ultraderecha, \u201cigual que el kirchnerismo, nos amenaza con el arsenal de la posverdad, el populismo demag\u00f3gico y la estrategia de la polarizaci\u00f3n\u201d.<\/p>\n<p>Aludiendo a los 40 a\u00f1os de vigencia democr\u00e1tica en la Argentina en forma cont\u00ednua desde 1983 a la fecha, afirman que \u201cser\u00e1 una celebraci\u00f3n si frenamos las tendencias antidemocr\u00e1ticas y reconquistamos un gobierno nacional, provincial y local\u201d. Y sostienen que \u201cas\u00ed ocurrir\u00e1 si asumimos que la democracia tiene un sentido moral, de virtud y no el simple estado terap\u00e9utico de las instituciones\u201d.<\/p>\n<p><strong>FUENTE: El Ciudadano Necochea<\/strong><br \/>\n<strong>FOTOS: El Ciudadano y Alerta Alejandro<\/strong><\/p>\n","protected":false},"excerpt":{"rendered":"<p>As\u00ed lo definieron por consenso en el plenario llevado a cabo este lunes en el Comit\u00e9 \u00abEmiliano Ab\u00e1solo\u00bb \u201cDebemos poner a Necochea en el camino del desarrollo y para ello vamos a protagonizar la propuesta de gobierno con un candidato a intendente radical, dentro de Juntos, que constituya una alternativa pol\u00edtica que hace falta\u201d, expresa [&hellip;]<\/p>\n","protected":false},"author":3,"featured_media":99488,"comment_status":"closed","ping_status":"closed","sticky":false,"template":"","format":"standard","meta":{"footnotes":""},"categories":[3],"tags":[],"class_list":["post-99487","post","type-post","status-publish","format-standard","has-post-thumbnail","category-masnoticias"],"_links":{"self":[{"href":"https:\/\/primicias2262.com\/noticias\/wp-json\/wp\/v2\/posts\/99487","targetHints":{"allow":["GET"]}}],"collection":[{"href":"https:\/\/primicias2262.com\/noticias\/wp-json\/wp\/v2\/posts"}],"about":[{"href":"https:\/\/primicias2262.com\/noticias\/wp-json\/wp\/v2\/types\/post"}],"author":[{"embeddable":true,"href":"https:\/\/primicias2262.com\/noticias\/wp-json\/wp\/v2\/users\/3"}],"replies":[{"embeddable":true,"href":"https:\/\/primicias2262.com\/noticias\/wp-json\/wp\/v2\/comments?post=99487"}],"version-history":[{"count":0,"href":"https:\/\/primicias2262.com\/noticias\/wp-json\/wp\/v2\/posts\/99487\/revisions"}],"wp:attachment":[{"href":"https:\/\/primicias2262.com\/noticias\/wp-json\/wp\/v2\/media?parent=99487"}],"wp:term":[{"taxonomy":"category","embeddable":true,"href":"https:\/\/primicias2262.com\/noticias\/wp-json\/wp\/v2\/categories?post=99487"},{"taxonomy":"post_tag","embeddable":true,"href":"https:\/\/primicias2262.com\/noticias\/wp-json\/wp\/v2\/tags?post=99487"}],"curies":[{"name":"wp","href":"https:\/\/api.w.org\/{rel}","templated":true}]}}