{"id":99496,"date":"2023-04-26T12:05:37","date_gmt":"2023-04-26T15:05:37","guid":{"rendered":"https:\/\/primicias2262.com\/?p=99496"},"modified":"2023-04-26T12:05:37","modified_gmt":"2023-04-26T15:05:37","slug":"la-feria-americana-se-renueva-y-esta-abierta-de-lunes-a-viernes-con-precios-accesibles","status":"publish","type":"post","link":"https:\/\/primicias2262.com\/noticias\/la-feria-americana-se-renueva-y-esta-abierta-de-lunes-a-viernes-con-precios-accesibles\/","title":{"rendered":"La Feria Americana se renueva y est\u00e1 abierta de lunes a viernes con precios accesibles"},"content":{"rendered":"<p><strong>La tradicional feria de la Asociaci\u00f3n Cooperadora del Hospital Municipal suma elementos para la venta y para seguir colaborando con el principal efector da salud p\u00fablica en la ciudad, y as\u00ed lo describi\u00f3 la presidenta Marta Iriberri durante una nota realizada por el periodista Jorge G\u00f3mez.<\/strong><\/p>\n<p>En \u201cVoces de la Ciudad\u201d, Marta inform\u00f3 que ahora \u201cadem\u00e1s de ropa tenemos juegos de sillones, artefactos sanitarios (inodoro, bidets, mingitorios) y tambi\u00e9n libros, y es que se donan todo tipo de cosas para vender a precios accesibles, de lunes a viernes de 10 a 12 y de 15 a 17 en la esquina de 57 y 62\u201d.<\/p>\n<p>Acot\u00f3 al respecto que \u201cla gente nos ofrece de todo y adem\u00e1s ten\u00edamos sanitarios en dep\u00f3sito porque hab\u00eda necesidades en el hospital pero hay demanda de esos elementos y como no sal\u00edan pedidos del hospital los vamos a poner en venta\u2026tambi\u00e9n tenemos sillones que nos han dado y hasta una colecci\u00f3n de El Gr\u00e1fico completa\u201d.<\/p>\n<p>Por ese motivo, se\u00f1al\u00f3 que \u201cestamos con una renovaci\u00f3n y cambio total de la feria solidaria\u201d, insistiendo en que \u201cde ah\u00ed obtenemos fondos para la ayuda que realizamos en el hospital, donde desde el mes de enero hemos pintado y arreglado la habitaci\u00f3n y el ba\u00f1o de la guardia general, el servicio de Oncolog\u00eda, la guardia pedi\u00e1trica, Hematolog\u00eda, el laboratorio que estaba en malas condiciones y ahora estamos en el Sector N\u00ba2 de internaci\u00f3n\u201d.<\/p>\n<p>\u201cVamos trabajando continuamente, se hacen trabajos de noche para no molestar y mantenemos la comunicaci\u00f3n con directores, secretarias y con el se\u00f1or intendente Arturo Rojas, dispuestos a colaborar en lo que sea\u201d, concluy\u00f3.<\/p>\n","protected":false},"excerpt":{"rendered":"<p>La tradicional feria de la Asociaci\u00f3n Cooperadora del Hospital Municipal suma elementos para la venta y para seguir colaborando con el principal efector da salud p\u00fablica en la ciudad, y as\u00ed lo describi\u00f3 la presidenta Marta Iriberri durante una nota realizada por el periodista Jorge G\u00f3mez. En \u201cVoces de la Ciudad\u201d, Marta inform\u00f3 que ahora [&hellip;]<\/p>\n","protected":false},"author":3,"featured_media":89151,"comment_status":"closed","ping_status":"closed","sticky":false,"template":"","format":"standard","meta":{"footnotes":""},"categories":[3],"tags":[],"class_list":["post-99496","post","type-post","status-publish","format-standard","has-post-thumbnail","category-masnoticias"],"_links":{"self":[{"href":"https:\/\/primicias2262.com\/noticias\/wp-json\/wp\/v2\/posts\/99496","targetHints":{"allow":["GET"]}}],"collection":[{"href":"https:\/\/primicias2262.com\/noticias\/wp-json\/wp\/v2\/posts"}],"about":[{"href":"https:\/\/primicias2262.com\/noticias\/wp-json\/wp\/v2\/types\/post"}],"author":[{"embeddable":true,"href":"https:\/\/primicias2262.com\/noticias\/wp-json\/wp\/v2\/users\/3"}],"replies":[{"embeddable":true,"href":"https:\/\/primicias2262.com\/noticias\/wp-json\/wp\/v2\/comments?post=99496"}],"version-history":[{"count":0,"href":"https:\/\/primicias2262.com\/noticias\/wp-json\/wp\/v2\/posts\/99496\/revisions"}],"wp:attachment":[{"href":"https:\/\/primicias2262.com\/noticias\/wp-json\/wp\/v2\/media?parent=99496"}],"wp:term":[{"taxonomy":"category","embeddable":true,"href":"https:\/\/primicias2262.com\/noticias\/wp-json\/wp\/v2\/categories?post=99496"},{"taxonomy":"post_tag","embeddable":true,"href":"https:\/\/primicias2262.com\/noticias\/wp-json\/wp\/v2\/tags?post=99496"}],"curies":[{"name":"wp","href":"https:\/\/api.w.org\/{rel}","templated":true}]}}