{"id":99498,"date":"2023-04-25T09:46:34","date_gmt":"2023-04-25T12:46:34","guid":{"rendered":"https:\/\/primicias2262.com\/?p=99498"},"modified":"2023-04-25T09:46:34","modified_gmt":"2023-04-25T12:46:34","slug":"acuerdo-entre-funcionarios-del-transporte-y-fleteros-tras-el-levantamiento-del-paro","status":"publish","type":"post","link":"https:\/\/primicias2262.com\/noticias\/acuerdo-entre-funcionarios-del-transporte-y-fleteros-tras-el-levantamiento-del-paro\/","title":{"rendered":"Acuerdo entre funcionarios del Transporte y Fleteros tras el levantamiento del paro"},"content":{"rendered":"<p><strong>\u201cNos quedaremos hasta que tengamos respuesta de los Ministerios de Transporte de Naci\u00f3n y Provincia\u201d, hab\u00eda anticipado durante la medida de fuerza del lunes en Necochea Mario Coste, del Sindicato \u00danico de Fleteros en nuestra ciudad, en una nota realizada por el periodista Jorge G\u00f3mez. Finalmente la mesa de di\u00e1logo fue convocada por las autoridades en cuesti\u00f3n y el paro se levant\u00f3.<\/strong><\/p>\n<p>Primero se vivi\u00f3 un momento de incertidumbre en el cual los fleteros apuntaron contra las autoridades por un falso comunicado: \u201cDijeron que hab\u00edamos levantado la medida largando un comunicado y tuvimos que salir a desmentirlo. El Sindicato hasta la fecha no ha podido dialogar con el gobierno, si bien existi\u00f3 alg\u00fan contacto con alguna funcionaria de la Naci\u00f3n, no m\u00e1s que esto, y esto se va agudizando\u201d, se\u00f1al\u00f3 en horas del lunes Mario Coste, para acotar que \u201cnos quedaremos hasta que tengamos respuesta de los Ministerios de Transporte y se comuniquen con nuestro secretario general, Mario Pereyra\u201d.<\/p>\n<p>Finalmente, ese llamado lleg\u00f3 y la medida de fuerza se levant\u00f3 en horas de la tarde. Al respecto, la ministra de Trabajo de la Naci\u00f3n Kelly Olmos, encabez\u00f3 una reuni\u00f3n con los m\u00e1ximos representantes del Sindicato \u00danico de Fleteros de la Rep\u00fablica Argentina Mario Pereyra y Fernando Curbelo, y con representantes del Ministerio de Transporte en la que se comprometieron las partes a trabajar en pos de la mejora de la situaci\u00f3n del sector.<\/p>\n<p>De esta manera la agremiaci\u00f3n levant\u00f3 el paro por 24 horas que se hab\u00eda iniciado a la hora 0 del 24 de abril y que abarcaba tanto a las actividades en los puertos bonaerenses como tambi\u00e9n a los principales accesos a las grandes ciudades y hasta las actividades del correo.<br \/>\nEl Ministerio de Trabajo conform\u00f3 esta mesa en la que participar\u00e1n varios organismos, como Transporte, AFIP, ENACOM y la Secretaria de Comercio.<\/p>\n<p>En el orden local, la medida de fuerza se situ\u00f3 en las rotondas de Circunvalaci\u00f3n y Ruta 227, y Circunvalaci\u00f3n y Ruta 88: \u201cEl Puerto estuvo paralizado, sin actividad los camiones de cereal y cargas generales, o de cualquier operatoria portuaria, excepto camiones con alimentos y combustibles\u201d, se\u00f1al\u00f3 Coste, para argumentar que \u201cla medida fue porque desde hace un mont\u00f3n de tiempo estamos en emergencia, nos estamos fundiendo mientras trabajamos, hay una precarizaci\u00f3n laboral muy grande, hay una parte de intermediaci\u00f3n que se nos queda con mucho dinero y queremos tener la participaci\u00f3n dentro de la Mesa Asesora de Carga\u201d.<\/p>\n","protected":false},"excerpt":{"rendered":"<p>\u201cNos quedaremos hasta que tengamos respuesta de los Ministerios de Transporte de Naci\u00f3n y Provincia\u201d, hab\u00eda anticipado durante la medida de fuerza del lunes en Necochea Mario Coste, del Sindicato \u00danico de Fleteros en nuestra ciudad, en una nota realizada por el periodista Jorge G\u00f3mez. Finalmente la mesa de di\u00e1logo fue convocada por las autoridades [&hellip;]<\/p>\n","protected":false},"author":3,"featured_media":99499,"comment_status":"closed","ping_status":"closed","sticky":false,"template":"","format":"standard","meta":{"footnotes":""},"categories":[3],"tags":[],"class_list":["post-99498","post","type-post","status-publish","format-standard","has-post-thumbnail","category-masnoticias"],"_links":{"self":[{"href":"https:\/\/primicias2262.com\/noticias\/wp-json\/wp\/v2\/posts\/99498","targetHints":{"allow":["GET"]}}],"collection":[{"href":"https:\/\/primicias2262.com\/noticias\/wp-json\/wp\/v2\/posts"}],"about":[{"href":"https:\/\/primicias2262.com\/noticias\/wp-json\/wp\/v2\/types\/post"}],"author":[{"embeddable":true,"href":"https:\/\/primicias2262.com\/noticias\/wp-json\/wp\/v2\/users\/3"}],"replies":[{"embeddable":true,"href":"https:\/\/primicias2262.com\/noticias\/wp-json\/wp\/v2\/comments?post=99498"}],"version-history":[{"count":0,"href":"https:\/\/primicias2262.com\/noticias\/wp-json\/wp\/v2\/posts\/99498\/revisions"}],"wp:attachment":[{"href":"https:\/\/primicias2262.com\/noticias\/wp-json\/wp\/v2\/media?parent=99498"}],"wp:term":[{"taxonomy":"category","embeddable":true,"href":"https:\/\/primicias2262.com\/noticias\/wp-json\/wp\/v2\/categories?post=99498"},{"taxonomy":"post_tag","embeddable":true,"href":"https:\/\/primicias2262.com\/noticias\/wp-json\/wp\/v2\/tags?post=99498"}],"curies":[{"name":"wp","href":"https:\/\/api.w.org\/{rel}","templated":true}]}}