{"id":99515,"date":"2023-04-25T12:35:48","date_gmt":"2023-04-25T15:35:48","guid":{"rendered":"https:\/\/primicias2262.com\/?p=99515"},"modified":"2023-04-25T12:35:48","modified_gmt":"2023-04-25T15:35:48","slug":"se-inscribe-hasta-este-viernes-28-para-percibir-el-boleto-estudiantil-gratuito","status":"publish","type":"post","link":"https:\/\/primicias2262.com\/noticias\/se-inscribe-hasta-este-viernes-28-para-percibir-el-boleto-estudiantil-gratuito\/","title":{"rendered":"Se inscribe hasta este viernes 28 para percibir el Boleto Estudiantil Gratuito"},"content":{"rendered":"<p><strong>Tanto en la Unidad de Gesti\u00f3n SUBE del Centro C\u00edvico como en la Delegaci\u00f3n de Quequ\u00e9n. Ya se registraron al beneficio algo m\u00e1s de 3 mil estudiantes.<\/strong><\/p>\n<p>La Direcci\u00f3n General de Transporte, a cargo de Facundo Croci y dependiente de la Secretar\u00eda de Gobierno, informa que este viernes 28 de abril terminar\u00e1 el proceso de inscripci\u00f3n para los alumnos que quieran acceder o renovar los beneficios del Boleto Municipal Estudiantil Gratuito. Hasta el momento, ya son 3012 los alumnos que se anotaron para el presente a\u00f1o.<\/p>\n<p>Los interesados deber\u00e1n asistir a la Unidad de Gesti\u00f3n SUBE ubicada en el Centro C\u00edvico, en la esquina de Avenida 58 y calle 61, o en la Delegaci\u00f3n de Quequ\u00e9n, en 521 y 560 en el horario de 8:15hs a 13:30Hs.<\/p>\n<p>Los alumnos que se inscribieron el a\u00f1o pasado solo tendr\u00e1n que acercase a la UGS (Unidad Gesti\u00f3n Sube) con la constancia de alumno regular actualizada (ciclo lectivo 2023) y <strong>quienes se inscriban por primera vez deber\u00e1n traer la siguiente documentaci\u00f3n:<\/strong><\/p>\n<ul>\n<li>Constancia de alumno regular<\/li>\n<li>Fotocopia D.N.I<\/li>\n<li>N\u00famero de tel\u00e9fono<\/li>\n<li>Correo electr\u00f3nico<\/li>\n<li>Tarjeta SUBE registrada a nombre del titular<\/li>\n<\/ul>\n<p>&nbsp;<\/p>\n<p>El programa otorga una cantidad de entre 16 y 80 usos (boletos) mensuales gratuitos, para la utilizaci\u00f3n del transporte p\u00fablico de pasajeros. A cada beneficiario, se le entrega de acuerdo a la modalidad de estudio que cursa\u00a0 en la ense\u00f1anza p\u00fablica, mientras que quienes est\u00e1n en el \u00e1mbito privado cuentan con un 20% de descuento.<\/p>\n<p>Las cantidades de usos (boletos) que se otorgan a los beneficiarios de la ense\u00f1anza p\u00fablica est\u00e1n divididos en las siguientes categor\u00edas:<\/p>\n<p><strong>\u2013<\/strong>Secundaria de escolaridad simple: Un viaje por hora; dos viajes por d\u00eda 48 viajes al mes. De lunes a viernes, de 6 a 23.30 hs.<\/p>\n<p><strong>\u2013<\/strong>Secundaria t\u00e9cnica con doble escolaridad: Dos viajes por hora; cuatro viajes por d\u00eda; 80 viajes al mes. De lunes a viernes, de 6 a 23.30 hs.<\/p>\n<p><strong>\u2013<\/strong>Terciario y universitario: Un viaje por hora; dos viajes por d\u00eda, 40 viajes al mes. De lunes a s\u00e1bado, de 6 a 23.30 hs.<\/p>\n<p><strong>\u2013<\/strong>Primaria y secundaria de adultos: Un viaje por hora; dos viajes al d\u00eda; 40 viajes al mes. De lunes a viernes, de 7 a 00.00 hs.<\/p>\n<p><strong>\u2013<\/strong>Centros de Formaci\u00f3n Profesional: Un viaje por hora; dos viajes por d\u00eda; 30 viajes al mes. De lunes a viernes, de 6 a 23 hs.<\/p>\n<p><strong>\u2013<\/strong>Programa Fines 1 y 2: Un viaje por hora; dos viajes por d\u00eda; 16 viajes al mes. De lunes a viernes, de 6 a 23 hs.<\/p>\n<p>Para cada uno de estos casos, vale aclarar que cualquier uso por fuera de los d\u00edas u horarios detallados, o bien cuando se sobrepasen las cantidades indicadas anteriormente, el sistema le descontar\u00e1 al usuario la tarifa correspondiente al boleto plano.<\/p>\n","protected":false},"excerpt":{"rendered":"<p>Tanto en la Unidad de Gesti\u00f3n SUBE del Centro C\u00edvico como en la Delegaci\u00f3n de Quequ\u00e9n. Ya se registraron al beneficio algo m\u00e1s de 3 mil estudiantes. La Direcci\u00f3n General de Transporte, a cargo de Facundo Croci y dependiente de la Secretar\u00eda de Gobierno, informa que este viernes 28 de abril terminar\u00e1 el proceso de [&hellip;]<\/p>\n","protected":false},"author":3,"featured_media":80038,"comment_status":"closed","ping_status":"closed","sticky":false,"template":"","format":"standard","meta":{"footnotes":""},"categories":[3],"tags":[],"class_list":["post-99515","post","type-post","status-publish","format-standard","has-post-thumbnail","category-masnoticias"],"_links":{"self":[{"href":"https:\/\/primicias2262.com\/noticias\/wp-json\/wp\/v2\/posts\/99515","targetHints":{"allow":["GET"]}}],"collection":[{"href":"https:\/\/primicias2262.com\/noticias\/wp-json\/wp\/v2\/posts"}],"about":[{"href":"https:\/\/primicias2262.com\/noticias\/wp-json\/wp\/v2\/types\/post"}],"author":[{"embeddable":true,"href":"https:\/\/primicias2262.com\/noticias\/wp-json\/wp\/v2\/users\/3"}],"replies":[{"embeddable":true,"href":"https:\/\/primicias2262.com\/noticias\/wp-json\/wp\/v2\/comments?post=99515"}],"version-history":[{"count":0,"href":"https:\/\/primicias2262.com\/noticias\/wp-json\/wp\/v2\/posts\/99515\/revisions"}],"wp:attachment":[{"href":"https:\/\/primicias2262.com\/noticias\/wp-json\/wp\/v2\/media?parent=99515"}],"wp:term":[{"taxonomy":"category","embeddable":true,"href":"https:\/\/primicias2262.com\/noticias\/wp-json\/wp\/v2\/categories?post=99515"},{"taxonomy":"post_tag","embeddable":true,"href":"https:\/\/primicias2262.com\/noticias\/wp-json\/wp\/v2\/tags?post=99515"}],"curies":[{"name":"wp","href":"https:\/\/api.w.org\/{rel}","templated":true}]}}