{"id":99527,"date":"2023-04-25T13:30:42","date_gmt":"2023-04-25T16:30:42","guid":{"rendered":"https:\/\/primicias2262.com\/?p=99527"},"modified":"2023-04-25T13:30:42","modified_gmt":"2023-04-25T16:30:42","slug":"iacono-conforma-en-el-concejo-local-un-bloque-unipersonal","status":"publish","type":"post","link":"https:\/\/primicias2262.com\/noticias\/iacono-conforma-en-el-concejo-local-un-bloque-unipersonal\/","title":{"rendered":"I\u00e1cono conforma en el Concejo local un bloque unipersonal"},"content":{"rendered":"<p><strong>Se llamar\u00e1 Frente de Todos de los Trabajadores. Fue informado por el propio edil a trav\u00e9s de una nota remitida a la Presidencia del HCD de Necochea. Tendr\u00e1 autonom\u00eda del interbloque del Frente de Todos<\/strong><\/p>\n<p><strong>Por Jorge G\u00f3mez<\/strong><\/p>\n<p><a href=\"https:\/\/primicias2262.com\/wp-content\/uploads\/2021\/08\/Gomez.jpg\"><img loading=\"lazy\" decoding=\"async\" class=\"alignleft size-thumbnail wp-image-80409\" src=\"https:\/\/primicias2262.com\/wp-content\/uploads\/2021\/08\/Gomez-150x150.jpg\" alt=\"\" width=\"150\" height=\"150\" \/><\/a>Un nuevo bloque unipersonal tendr\u00e1 desde este martes 25 de abril el Concejo Deliberante de Necochea. Se denomina Frente de Todos de los Trabajadores, compuesto por el concejal Rafael I\u00e1cono, quien de esta manera se estar\u00eda alejando del interbloque del Frente de Todos que preside el edil Mauro Vel\u00e1zquez.<\/p>\n<p>I\u00e1cono, actual titular en Necochea del Sindicato \u00danico de Trabajadores de Edificio, Renta y Horizontales (SUTERyH), transcurre la parte final de su primer mandato como edil titular en el HCD -finaliza como tal en diciembre de 2023-, e integra la Regional local de la Confederaci\u00f3n General del Trabajadores.<\/p>\n<p>El Frente de Todos en el Concejo necochense est\u00e1 compuesto por cuatro ediles. Dos de ellos, Mauro Vel\u00e1zquez -actual precandidato a intendente- y Miguel Arana, provenientes del Frente Renovador; y Andrea C\u00e1ceres, surgida de la C\u00e1mpora; adem\u00e1s del citado I\u00e1cono, quien pasar\u00e1 a tener representaci\u00f3n unipersonal con este movimiento interno en el legislativo local.<\/p>\n<p>Ser\u00e1n por lo tanto tres los interbloques que se observar\u00e1n en la actividad del HCD local, el del mencionado I\u00e1cono, el del Frente de Todos-Participaci\u00f3n Justicialista que preside Norma Al\u00ed, y el denominado Espacio Abierto Juntos del doctor Maximiliano Delfino -tambi\u00e9n precandidato a intendente en este 2023.<\/p>\n<p><a href=\"https:\/\/primicias2262.com\/wp-content\/uploads\/2023\/04\/iacono-nota.jpg\"><img loading=\"lazy\" decoding=\"async\" class=\"aligncenter size-full wp-image-99529\" src=\"https:\/\/primicias2262.com\/wp-content\/uploads\/2023\/04\/iacono-nota.jpg\" alt=\"\" width=\"899\" height=\"1148\" \/><\/a><\/p>\n","protected":false},"excerpt":{"rendered":"<p>Se llamar\u00e1 Frente de Todos de los Trabajadores. Fue informado por el propio edil a trav\u00e9s de una nota remitida a la Presidencia del HCD de Necochea. Tendr\u00e1 autonom\u00eda del interbloque del Frente de Todos Por Jorge G\u00f3mez Un nuevo bloque unipersonal tendr\u00e1 desde este martes 25 de abril el Concejo Deliberante de Necochea. Se [&hellip;]<\/p>\n","protected":false},"author":3,"featured_media":99528,"comment_status":"closed","ping_status":"closed","sticky":false,"template":"","format":"standard","meta":{"footnotes":""},"categories":[3],"tags":[],"class_list":["post-99527","post","type-post","status-publish","format-standard","has-post-thumbnail","category-masnoticias"],"_links":{"self":[{"href":"https:\/\/primicias2262.com\/noticias\/wp-json\/wp\/v2\/posts\/99527","targetHints":{"allow":["GET"]}}],"collection":[{"href":"https:\/\/primicias2262.com\/noticias\/wp-json\/wp\/v2\/posts"}],"about":[{"href":"https:\/\/primicias2262.com\/noticias\/wp-json\/wp\/v2\/types\/post"}],"author":[{"embeddable":true,"href":"https:\/\/primicias2262.com\/noticias\/wp-json\/wp\/v2\/users\/3"}],"replies":[{"embeddable":true,"href":"https:\/\/primicias2262.com\/noticias\/wp-json\/wp\/v2\/comments?post=99527"}],"version-history":[{"count":0,"href":"https:\/\/primicias2262.com\/noticias\/wp-json\/wp\/v2\/posts\/99527\/revisions"}],"wp:attachment":[{"href":"https:\/\/primicias2262.com\/noticias\/wp-json\/wp\/v2\/media?parent=99527"}],"wp:term":[{"taxonomy":"category","embeddable":true,"href":"https:\/\/primicias2262.com\/noticias\/wp-json\/wp\/v2\/categories?post=99527"},{"taxonomy":"post_tag","embeddable":true,"href":"https:\/\/primicias2262.com\/noticias\/wp-json\/wp\/v2\/tags?post=99527"}],"curies":[{"name":"wp","href":"https:\/\/api.w.org\/{rel}","templated":true}]}}