{"id":99533,"date":"2023-04-26T12:09:03","date_gmt":"2023-04-26T15:09:03","guid":{"rendered":"https:\/\/primicias2262.com\/?p=99533"},"modified":"2023-04-26T12:09:03","modified_gmt":"2023-04-26T15:09:03","slug":"comerciantes-invitan-a-toda-la-comunidad-a-marchar-este-jueves-contra-la-inseguridad","status":"publish","type":"post","link":"https:\/\/primicias2262.com\/noticias\/comerciantes-invitan-a-toda-la-comunidad-a-marchar-este-jueves-contra-la-inseguridad\/","title":{"rendered":"Comerciantes invitan a toda la comunidad a marchar este jueves contra la inseguridad"},"content":{"rendered":"<p><strong>La convocatoria se realiza a partir de las 13.30 en el m\u00e1stil de la Plaza Dardo Rocha, frente a la Municipalidad de Necochea. Diego, comerciante integrante de la CUNEC, asegur\u00f3 que \u201cesta convocatoria no es solo a comercios sino a la ciudad en general, ya que nadie est\u00e1 exento de que le pase un hecho\u201d.<\/strong><\/p>\n<p>En di\u00e1logo con el periodista Jorge G\u00f3mez en \u201cVoces de la Ciudad\u201d, el integrante de CUNEC (Comerciantes Unidos de Necochea), insisti\u00f3 en que \u201cestamos tratando de integrar a la sociedad entera en esto, debido al incremento misteriosamente r\u00e1pido de casos de inseguridad. Llama mucho la atenci\u00f3n que casos que se ven en Buenos Aires empiecen a verse ac\u00e1, como meterse en una casa en horas de la ma\u00f1ana y atacar a una persona que va a llevar a su nena al colegio con un arma o sacar una rueda de auxilio durante el d\u00eda\u201d.<\/p>\n<p><a href=\"https:\/\/primicias2262.com\/wp-content\/uploads\/2023\/04\/marcha-contra-inseguridad.jpeg\"><img loading=\"lazy\" decoding=\"async\" class=\"aligncenter size-full wp-image-99534\" src=\"https:\/\/primicias2262.com\/wp-content\/uploads\/2023\/04\/marcha-contra-inseguridad.jpeg\" alt=\"\" width=\"589\" height=\"418\" \/><\/a>\u201cMe animo a decir que es muy raro\u201d, se\u00f1al\u00f3, para apuntar hacia la pata judicial: \u201cNosotros siempre nos quejamos hacia la polic\u00eda pero hay que reconocer que la mayor\u00eda de los delincuentes que est\u00e1n sueltos tienen varias entradas a la Comisar\u00eda, los han detenido y el problema est\u00e1 en por qu\u00e9 se los libera para que sigan delinquiendo\u201d.<\/p>\n<p>Seguidamente cont\u00f3 un triste testimonio personal: \u201cYo tengo c\u00e1maras en casa y hace 20 d\u00edas me entraron al patio despu\u00e9s de las 10 de la noche\u2026 me levanto a la ma\u00f1ana y me encuentro debajo de un alero pegado a mi ventana que me robaron la bicicleta, con total naturalidad de un patio al otro, ya que la casa siguiente se les hab\u00edan metido en la habitaci\u00f3n. Esto ya es alevoso y muy reiterado\u201d.<\/p>\n<p>\u201cLuego trasciende la cara de la persona por las c\u00e1maras de seguridad y da la casualidad cuando averigu\u00e1s que ya lo agarraron cinco veces y lo soltaron, entonces ya no le podemos echar m\u00e1s la culpa a la polic\u00eda\u201d, expres\u00f3 resignado.<\/p>\n<p>Finalmente, Diego opin\u00f3 que \u201cesto empieza con robos peque\u00f1os, pero cuando ven la posibilidad de que pueden seguir haci\u00e9ndolo van tomando m\u00e1s vuelo y en cualquier momento en una ciudad tan chica como Necochea nos vamos a encontrar con casos como los de Buenos Aires. Ac\u00e1 nos jactamos de ser una ciudad tur\u00edstica, pero antes de eso tenemos que fortalecernos en el invierno, que es muy largo y lo vivimos todos los necochenses\u201d.<\/p>\n","protected":false},"excerpt":{"rendered":"<p>La convocatoria se realiza a partir de las 13.30 en el m\u00e1stil de la Plaza Dardo Rocha, frente a la Municipalidad de Necochea. Diego, comerciante integrante de la CUNEC, asegur\u00f3 que \u201cesta convocatoria no es solo a comercios sino a la ciudad en general, ya que nadie est\u00e1 exento de que le pase un hecho\u201d. [&hellip;]<\/p>\n","protected":false},"author":3,"featured_media":99537,"comment_status":"closed","ping_status":"closed","sticky":false,"template":"","format":"standard","meta":{"footnotes":""},"categories":[3],"tags":[],"class_list":["post-99533","post","type-post","status-publish","format-standard","has-post-thumbnail","category-masnoticias"],"_links":{"self":[{"href":"https:\/\/primicias2262.com\/noticias\/wp-json\/wp\/v2\/posts\/99533","targetHints":{"allow":["GET"]}}],"collection":[{"href":"https:\/\/primicias2262.com\/noticias\/wp-json\/wp\/v2\/posts"}],"about":[{"href":"https:\/\/primicias2262.com\/noticias\/wp-json\/wp\/v2\/types\/post"}],"author":[{"embeddable":true,"href":"https:\/\/primicias2262.com\/noticias\/wp-json\/wp\/v2\/users\/3"}],"replies":[{"embeddable":true,"href":"https:\/\/primicias2262.com\/noticias\/wp-json\/wp\/v2\/comments?post=99533"}],"version-history":[{"count":0,"href":"https:\/\/primicias2262.com\/noticias\/wp-json\/wp\/v2\/posts\/99533\/revisions"}],"wp:attachment":[{"href":"https:\/\/primicias2262.com\/noticias\/wp-json\/wp\/v2\/media?parent=99533"}],"wp:term":[{"taxonomy":"category","embeddable":true,"href":"https:\/\/primicias2262.com\/noticias\/wp-json\/wp\/v2\/categories?post=99533"},{"taxonomy":"post_tag","embeddable":true,"href":"https:\/\/primicias2262.com\/noticias\/wp-json\/wp\/v2\/tags?post=99533"}],"curies":[{"name":"wp","href":"https:\/\/api.w.org\/{rel}","templated":true}]}}