{"id":99540,"date":"2023-04-26T14:28:12","date_gmt":"2023-04-26T17:28:12","guid":{"rendered":"https:\/\/primicias2262.com\/?p=99540"},"modified":"2023-04-26T14:28:12","modified_gmt":"2023-04-26T17:28:12","slug":"arriaga-del-sindicato-de-empleados-de-comercio-se-sumo-a-la-mesa-nacional-del-gremio","status":"publish","type":"post","link":"https:\/\/primicias2262.com\/noticias\/arriaga-del-sindicato-de-empleados-de-comercio-se-sumo-a-la-mesa-nacional-del-gremio\/","title":{"rendered":"Arriaga, del Sindicato de Empleados de Comercio, se sum\u00f3 a la Mesa Nacional del gremio"},"content":{"rendered":"<p><strong>\u201cEs un hecho importante para los empleados de comercio de Necochea porque nos da la posibilidad de discutir y tener injerencia en determinadas cuestiones en las que antes no ten\u00edamos posibilidad\u201d, asegur\u00f3 Cristian Arriaga, el secretario de dicho gremio en Necochea.<\/strong><\/p>\n<p>Al mantener un contacto telef\u00f3nico con \u201cVoces de la Ciudad\u201d, y ser consultado por el periodista Jorge G\u00f3mez acerca del reciente congreso de la Federaci\u00f3n nacional de Empleados de Comercio que lo design\u00f3 a Cristian, y por ende al sindicato local, como integrante de la Mesa Nacional del Sindicato de Empleados de Comercio, Arriaga puso en valor la noticia con sus sensaciones.<\/p>\n<p>\u201cEl 12 de abril se celebr\u00f3 el congreso nacional donde se eligieron las nuevas autoridades por cuatro a\u00f1os y donde Necochea tuvo la posibilidad de cubrir una Secretar\u00eda, que es la de Convenciones Colectivas, lo cual es un hecho importante para los empleados de comercio de Necochea, y por lo tanto tenemos la posibilidad de discutir y tener injerencia en determinadas cuestiones en las que antes no ten\u00edamos posibilidad\u201d, se\u00f1al\u00f3.<\/p>\n<p>Seguidamente profundiz\u00f3 en que \u201cesto nos permite trabajar donde se va gestando la pol\u00edtica de la Federaci\u00f3n y los destinos de los empleados de comercio de todo el pa\u00eds\u201d, que son m\u00e1s de un mill\u00f3n, y lejos de adjudic\u00e1rselo a t\u00edtulo personal, valor\u00f3 que \u201cesto no es m\u00e9rito de alguien en particular sino del sindicato de Empleados de Comercio de Necochea en su conjunto\u201d.<\/p>\n<p>\u201cEsto nos permite que se funcione de la mejor manera y tener representatividad a nivel nacional, ya que pasamos a tener un protagonismo importante dentro de la mesa nacional\u201d, concluy\u00f3 sobre el tema.<\/p>\n<p>Por otra parte, Arriaga se refiri\u00f3 al reciente acuerdo paritario del Sindicato de Empleados de Comercio con las patronales. \u201cA partir del 1\u00ba de abril el acuerdo es del 19,5% por un trimestre, abarcar\u00eda abril, mayo y junio, es no acumulativo y remunerativo, lo que implica que se aplica el 6,5% para abril, 6,5% para mayo y 6,5% para junio\u201d, especific\u00f3.<\/p>\n<p>Asimismo, \u201chay una suma fija que se logr\u00f3, que es por \u00fanica vez, que son 25 mil pesos no remunerativos divididos en dos cuotas de 12.500 para abril y los 12.500 restantes para mayo, y lo positivo es que quedaron las partes de acuerdo para analizar la situaci\u00f3n por si hay que ajustar en junio\u201d, complet\u00f3 Arriaga.<\/p>\n","protected":false},"excerpt":{"rendered":"<p>\u201cEs un hecho importante para los empleados de comercio de Necochea porque nos da la posibilidad de discutir y tener injerencia en determinadas cuestiones en las que antes no ten\u00edamos posibilidad\u201d, asegur\u00f3 Cristian Arriaga, el secretario de dicho gremio en Necochea. Al mantener un contacto telef\u00f3nico con \u201cVoces de la Ciudad\u201d, y ser consultado por [&hellip;]<\/p>\n","protected":false},"author":3,"featured_media":99541,"comment_status":"closed","ping_status":"closed","sticky":false,"template":"","format":"standard","meta":{"footnotes":""},"categories":[3],"tags":[],"class_list":["post-99540","post","type-post","status-publish","format-standard","has-post-thumbnail","category-masnoticias"],"_links":{"self":[{"href":"https:\/\/primicias2262.com\/noticias\/wp-json\/wp\/v2\/posts\/99540","targetHints":{"allow":["GET"]}}],"collection":[{"href":"https:\/\/primicias2262.com\/noticias\/wp-json\/wp\/v2\/posts"}],"about":[{"href":"https:\/\/primicias2262.com\/noticias\/wp-json\/wp\/v2\/types\/post"}],"author":[{"embeddable":true,"href":"https:\/\/primicias2262.com\/noticias\/wp-json\/wp\/v2\/users\/3"}],"replies":[{"embeddable":true,"href":"https:\/\/primicias2262.com\/noticias\/wp-json\/wp\/v2\/comments?post=99540"}],"version-history":[{"count":0,"href":"https:\/\/primicias2262.com\/noticias\/wp-json\/wp\/v2\/posts\/99540\/revisions"}],"wp:attachment":[{"href":"https:\/\/primicias2262.com\/noticias\/wp-json\/wp\/v2\/media?parent=99540"}],"wp:term":[{"taxonomy":"category","embeddable":true,"href":"https:\/\/primicias2262.com\/noticias\/wp-json\/wp\/v2\/categories?post=99540"},{"taxonomy":"post_tag","embeddable":true,"href":"https:\/\/primicias2262.com\/noticias\/wp-json\/wp\/v2\/tags?post=99540"}],"curies":[{"name":"wp","href":"https:\/\/api.w.org\/{rel}","templated":true}]}}