{"id":99544,"date":"2023-04-26T14:55:21","date_gmt":"2023-04-26T17:55:21","guid":{"rendered":"https:\/\/primicias2262.com\/?p=99544"},"modified":"2023-04-26T14:55:21","modified_gmt":"2023-04-26T17:55:21","slug":"el-sistema-educativo-es-el-primero-que-tiene-que-adaptarse-a-los-cambios-sociales-porque-tiene-que-poder-dar-respuesta","status":"publish","type":"post","link":"https:\/\/primicias2262.com\/noticias\/el-sistema-educativo-es-el-primero-que-tiene-que-adaptarse-a-los-cambios-sociales-porque-tiene-que-poder-dar-respuesta\/","title":{"rendered":"\u201cEl sistema educativo es el primero que tiene que adaptarse a los cambios sociales porque tiene que poder dar respuesta\u201d"},"content":{"rendered":"<p><strong>As\u00ed lo expres\u00f3 la flamante Jefa Distrital de Educaci\u00f3n, Elsa Mar\u00eda Guillermo durante una nota telef\u00f3nica realizada por el periodista Jorge G\u00f3mez en \u201cVoces de la Ciudad\u201d.<\/strong><\/p>\n<p>La sucesora de Soledad Moreno proviene del \u00e1mbito educativo loberense, es oriunda de Napaleof\u00fa, donde pas\u00f3 gran parte de su ni\u00f1ez y adolescencia, para luego estudiar carreras del \u00e1mbito docente en Tandil y La Plata.<\/p>\n<p>En primera persona, cont\u00f3 que \u201cen el 2008 decido irme a vivir a Lober\u00eda porque ten\u00eda desempe\u00f1o en la Escuela Agraria y T\u00e9cnica, previo a ello trabaj\u00e9 un buen tiempo en el nivel inicial y primario y tambi\u00e9n fue parte de mi trayectoria y elecci\u00f3n de vida, pero la vida me fue llevando tambi\u00e9n al mundo de la educaci\u00f3n t\u00e9cnico profesional, a trabajar en superior alg\u00fan tiempo y mi mayor trayectoria es en agraria y en t\u00e9cnica\u201d.<\/p>\n<p><a href=\"https:\/\/primicias2262.com\/wp-content\/uploads\/2023\/04\/elsa-guillermo-2.jpg\"><img loading=\"lazy\" decoding=\"async\" class=\"aligncenter size-full wp-image-99546\" src=\"https:\/\/primicias2262.com\/wp-content\/uploads\/2023\/04\/elsa-guillermo-2.jpg\" alt=\"\" width=\"572\" height=\"431\" \/><\/a>Pocas horas despu\u00e9s de su desembarco a la Jefatura, Elsa se autodefini\u00f3 de la siguiente manera: \u201cSiempre tengo una mirada muy optimista, aun para mi propia vida personal, creo que a los conflictos es importante atravesarlos, vivirlos, problematizar lo que nos sucede\u2026 siempre con el esp\u00edritu de pensar nuevas estrategias, me gusta la escucha, el di\u00e1logo y antes de tomar una decisi\u00f3n siento que hay que escuchar la postura de todas las partes\u201d.<\/p>\n<p>Ya pensando en su nuevo cargo, asegur\u00f3 que \u201ccreo que se trata de gestionar, todos queremos el bienestar de nuestra comunidad y que nuestro sistema educativo pueda ser una herramienta real y concreta para nuestros estudiantes; lo merecemos como pa\u00eds y como comunidad, creer en la educaci\u00f3n, indistintamente de los cambios que pueda haber a trav\u00e9s del tiempo\u201d.<\/p>\n<p>En ese sentido, afirm\u00f3 que \u201cla educaci\u00f3n no se construye adentro de una probeta, lejos del mundo real, sino que el mundo real est\u00e1 atravesado por un universo de conflictos que a su vez nos atraviesan porque aparecen a trav\u00e9s de los medios de comunicaci\u00f3n o las redes sociales y entonces hoy el concepto espacio tiempo es diferente al de hace 20 o 30 a\u00f1os atr\u00e1s\u201d.<\/p>\n<p>Fue en ese contexto que enfatiz\u00f3 en sus objetivos: \u201cHay que poder acompa\u00f1ar los procesos de aprendizaje, se aprende diferente, con algunas cosas similares a las de hace muchos a\u00f1os y otras no, y por lo tanto el sistema educativo en la sociedad es el primero que tiene que ir adapt\u00e1ndose a los cambios sociales porque tiene que poder dar respuesta. Es dif\u00edcil ir a la vanguardia de los cambios, pero al menos ir al lado de los cambios, y eso es un desaf\u00edo, no ir atr\u00e1s. Poder adelantarse en el tiempo en algunas cuestiones, prever acciones de cuidado y parte de mi trabajo va a ser eso, poder conocer el distrito m\u00e1s en profundidad\u201d.<\/p>\n<p>\u201cMi objetivo es venir a sumar a un distrito que aprecio, que visito, en el que tengo amistades, al que me gusta venir y que tiene un potencial educativo maravilloso, y que hay que poder ordenar, pero con un trabajo en equipo con muchos actores que exceden al \u00e1mbito educativo, como el Estado municipal, los medios de comunicaci\u00f3n o el sistema de salud, hay muchos actores que confluyen en la construcci\u00f3n de una comunidad y no podemos pensarnos solos\u201d, culmin\u00f3.<\/p>\n","protected":false},"excerpt":{"rendered":"<p>As\u00ed lo expres\u00f3 la flamante Jefa Distrital de Educaci\u00f3n, Elsa Mar\u00eda Guillermo durante una nota telef\u00f3nica realizada por el periodista Jorge G\u00f3mez en \u201cVoces de la Ciudad\u201d. La sucesora de Soledad Moreno proviene del \u00e1mbito educativo loberense, es oriunda de Napaleof\u00fa, donde pas\u00f3 gran parte de su ni\u00f1ez y adolescencia, para luego estudiar carreras del [&hellip;]<\/p>\n","protected":false},"author":3,"featured_media":99545,"comment_status":"closed","ping_status":"closed","sticky":false,"template":"","format":"standard","meta":{"footnotes":""},"categories":[3],"tags":[],"class_list":["post-99544","post","type-post","status-publish","format-standard","has-post-thumbnail","category-masnoticias"],"_links":{"self":[{"href":"https:\/\/primicias2262.com\/noticias\/wp-json\/wp\/v2\/posts\/99544","targetHints":{"allow":["GET"]}}],"collection":[{"href":"https:\/\/primicias2262.com\/noticias\/wp-json\/wp\/v2\/posts"}],"about":[{"href":"https:\/\/primicias2262.com\/noticias\/wp-json\/wp\/v2\/types\/post"}],"author":[{"embeddable":true,"href":"https:\/\/primicias2262.com\/noticias\/wp-json\/wp\/v2\/users\/3"}],"replies":[{"embeddable":true,"href":"https:\/\/primicias2262.com\/noticias\/wp-json\/wp\/v2\/comments?post=99544"}],"version-history":[{"count":0,"href":"https:\/\/primicias2262.com\/noticias\/wp-json\/wp\/v2\/posts\/99544\/revisions"}],"wp:attachment":[{"href":"https:\/\/primicias2262.com\/noticias\/wp-json\/wp\/v2\/media?parent=99544"}],"wp:term":[{"taxonomy":"category","embeddable":true,"href":"https:\/\/primicias2262.com\/noticias\/wp-json\/wp\/v2\/categories?post=99544"},{"taxonomy":"post_tag","embeddable":true,"href":"https:\/\/primicias2262.com\/noticias\/wp-json\/wp\/v2\/tags?post=99544"}],"curies":[{"name":"wp","href":"https:\/\/api.w.org\/{rel}","templated":true}]}}