{"id":99549,"date":"2023-04-27T10:47:08","date_gmt":"2023-04-27T13:47:08","guid":{"rendered":"https:\/\/primicias2262.com\/?p=99549"},"modified":"2023-04-27T10:47:08","modified_gmt":"2023-04-27T13:47:08","slug":"transportes-necochea-presento-unidades-con-rampas-para-personas-con-discapacidad","status":"publish","type":"post","link":"https:\/\/primicias2262.com\/noticias\/transportes-necochea-presento-unidades-con-rampas-para-personas-con-discapacidad\/","title":{"rendered":"Transportes Necochea present\u00f3 unidades con rampas para personas con discapacidad"},"content":{"rendered":"<p><strong>El Intendente Arturo Rojas visit\u00f3 el predio de la Compa\u00f1\u00eda Transportes Necochea, que present\u00f3 dos unidades con una mayor accesibilidad y pronto se sumar\u00e1n otras dos, con el fin de dar respuesta y confort a la comunidad que lo solicitaba.<\/strong><\/p>\n<p>El intendente municipal, Arturo Rojas, visit\u00f3 este mi\u00e9rcoles el predio de la Compa\u00f1\u00eda Transportes Necochea, la cual incorpor\u00f3 gracias a una importante inversi\u00f3n, rampas para personas con discapacidad en dos de sus unidades, y con vistas a implementar lo mismo en otras dos en las semanas siguientes.<\/p>\n<p><a href=\"https:\/\/primicias2262.com\/wp-content\/uploads\/2023\/04\/26-04-FOTO-micro-rampas-inclusivas.jpeg\"><img loading=\"lazy\" decoding=\"async\" class=\"aligncenter size-full wp-image-99550\" src=\"https:\/\/primicias2262.com\/wp-content\/uploads\/2023\/04\/26-04-FOTO-micro-rampas-inclusivas.jpeg\" alt=\"\" width=\"1600\" height=\"1066\" \/><\/a>Junto al Intendente, visitaron el predio el secretario de Gobierno, Jorge Mart\u00ednez; y el director de Transporte, Facundo Croci, recibidos en la ocasi\u00f3n por el apoderado de dicha empresa, Eduardo Dom\u00ednguez; el presidente de Transportes Necochea, Julio Bra\u00f1a; y el socio Gerente de \u00a0M.O Nueva Pompeya, Jorge Menna.<\/p>\n<p>Por parte del Departamento Ejecutivo Municipal, Facundo Croci destac\u00f3 pos recorrida que \u201cesto responde a un reclamo que viene de muchos a\u00f1os, y por ello se trabaj\u00f3 con la empresa y se gestion\u00f3 un pedido que nos hizo Arturo a principio de a\u00f1o\u201d, tras lo cual acot\u00f3 que \u201cse pudieron presentar dos unidades que son adaptables para personas con discapacidad, lo cual genera inclusi\u00f3n y accesibilidad, sabiendo que el acceso al transporte p\u00fablico es muy importante para la comunidad\u201d.<\/p>\n\n<p>En representaci\u00f3n de la compa\u00f1\u00eda de transportes, Dom\u00ednguez asegur\u00f3 que tras muchas averiguaciones pudieron dar con la empresa \u2018Perego\u2019 de Mar del Plata, \u201cy en este momento a pesar de la dif\u00edcil situaci\u00f3n del pa\u00eds logramos traer rampas para dos coches de Necochea\u201d, para anticipar que \u201cla semana que viene tendremos otro m\u00e1s de Transporte Necochea y en 15 d\u00edas estar\u00e1 listo uno de Micro \u00d3mnibus Nueva Pompeya\u201d.<\/p>\n<p>De esta manera, ser\u00e1n cuatro unidades que brindar\u00e1n un servicio de mayor accesibilidad a la comunidad de personas con discapacidad. \u201cVamos a tratar de combinar de horarios y ponernos de acuerdo para que se pueda utilizar y de apoco ir mejor\u00e1ndolo lo m\u00e1ximo que se pueda\u201d, coment\u00f3 Dom\u00ednguez, anhelando que \u201cesperemos que sea para el confort de la gente que lo estaba solicitando\u201d.<\/p>\n<p><a href=\"https:\/\/primicias2262.com\/wp-content\/uploads\/2023\/04\/26-04-FOTO-Rojas-rampas-micro6.jpeg\"><img loading=\"lazy\" decoding=\"async\" class=\"aligncenter size-full wp-image-99553\" src=\"https:\/\/primicias2262.com\/wp-content\/uploads\/2023\/04\/26-04-FOTO-Rojas-rampas-micro6.jpeg\" alt=\"\" width=\"1600\" height=\"1066\" \/><\/a>En cuanto al sistema de las rampas, Dom\u00ednguez revel\u00f3 que brindar\u00e1n un curso en la empresa para los choferes: \u201cEs un sistema hidr\u00e1ulico que se maneja a control remoto y todos los choferes tendr\u00e1n que estar al tanto, pero en lo que m\u00e1s tenemos que tener cuidado es en el mantenimiento, que habr\u00e1 que hacerlo casi a diario\u201d, para concluir que \u201cseguiremos trabajando como lo venimos haciendo hasta ahora con el Departamento Ejecutivo, con la Direcci\u00f3n de Transporte y el Intendente, que lo venimos haciendo muy bien, continuamente consult\u00e1ndonos y tratando de mejorar los servicios\u201d.<\/p>\n","protected":false},"excerpt":{"rendered":"<p>El Intendente Arturo Rojas visit\u00f3 el predio de la Compa\u00f1\u00eda Transportes Necochea, que present\u00f3 dos unidades con una mayor accesibilidad y pronto se sumar\u00e1n otras dos, con el fin de dar respuesta y confort a la comunidad que lo solicitaba. El intendente municipal, Arturo Rojas, visit\u00f3 este mi\u00e9rcoles el predio de la Compa\u00f1\u00eda Transportes Necochea, [&hellip;]<\/p>\n","protected":false},"author":3,"featured_media":99552,"comment_status":"closed","ping_status":"closed","sticky":false,"template":"","format":"standard","meta":{"footnotes":""},"categories":[3],"tags":[],"class_list":["post-99549","post","type-post","status-publish","format-standard","has-post-thumbnail","category-masnoticias"],"_links":{"self":[{"href":"https:\/\/primicias2262.com\/noticias\/wp-json\/wp\/v2\/posts\/99549","targetHints":{"allow":["GET"]}}],"collection":[{"href":"https:\/\/primicias2262.com\/noticias\/wp-json\/wp\/v2\/posts"}],"about":[{"href":"https:\/\/primicias2262.com\/noticias\/wp-json\/wp\/v2\/types\/post"}],"author":[{"embeddable":true,"href":"https:\/\/primicias2262.com\/noticias\/wp-json\/wp\/v2\/users\/3"}],"replies":[{"embeddable":true,"href":"https:\/\/primicias2262.com\/noticias\/wp-json\/wp\/v2\/comments?post=99549"}],"version-history":[{"count":0,"href":"https:\/\/primicias2262.com\/noticias\/wp-json\/wp\/v2\/posts\/99549\/revisions"}],"wp:attachment":[{"href":"https:\/\/primicias2262.com\/noticias\/wp-json\/wp\/v2\/media?parent=99549"}],"wp:term":[{"taxonomy":"category","embeddable":true,"href":"https:\/\/primicias2262.com\/noticias\/wp-json\/wp\/v2\/categories?post=99549"},{"taxonomy":"post_tag","embeddable":true,"href":"https:\/\/primicias2262.com\/noticias\/wp-json\/wp\/v2\/tags?post=99549"}],"curies":[{"name":"wp","href":"https:\/\/api.w.org\/{rel}","templated":true}]}}