{"id":99571,"date":"2023-04-27T09:06:22","date_gmt":"2023-04-27T12:06:22","guid":{"rendered":"https:\/\/primicias2262.com\/?p=99571"},"modified":"2023-04-27T09:06:22","modified_gmt":"2023-04-27T12:06:22","slug":"el-concejo-aprobo-un-aumento-en-las-tarifas-de-los-taxis-locales","status":"publish","type":"post","link":"https:\/\/primicias2262.com\/noticias\/el-concejo-aprobo-un-aumento-en-las-tarifas-de-los-taxis-locales\/","title":{"rendered":"El Concejo aprob\u00f3 un aumento en las tarifas de los taxis locales"},"content":{"rendered":"<p><strong>Lo hizo en el marco de la reciente sesi\u00f3n ordinaria, por unanimidad, sin realizar consideraciones al respecto. Tras el paso por el HCD y promulgada la ordenanza del caso, la bajada de bandera de los taxis en Necochea y Quequ\u00e9n pasar\u00e1 a costar de 200 a 300 pesos -incremento del 50%- y la ficha y la espera cada 60 segundos se ajustar\u00e1 de 20 a 25 pesos -25%-<\/strong><\/p>\n<p><strong>Por Jorge G\u00f3mez<\/strong><\/p>\n<p>Sin realizar consideraciones al respecto, el Concejo Deliberante de Necochea aprob\u00f3 por unanimidad, en el marco de la \u00faltima sesi\u00f3n ordinaria realizada este mi\u00e9rcoles 26 de abril. -expediente despachado N\u00ba 30-, la autorizaci\u00f3n de un aumento en el costo del servicio de taxis en nuestras ciudades, respondiendo a la petici\u00f3n realizada semanas atr\u00e1s por los conductores de estas unidades, nucleados en las agrupaciones Taxi Necochea y Taxicoop Necochea.<\/p>\n<p>A partir de esta aprobaci\u00f3n, la que requerir\u00e1 que en horas m\u00e1s sea promulgada por el Departamento Ejecutivo, el costo de la bajada de bandera pasar\u00e1 a costar de 200 pesos a 300 pesos. O sea que se estar\u00e1 frente a un aumento del 50 %.<\/p>\n<p>Mientras tanto, el valor de la ficha y la espera de las unidades de taxis cada 60 segundos tendr\u00e1 un ajuste del 25%, habida cuenta que de los actuales 20 pesos se incrementar\u00e1 esta tarifa a 25 pesos.<\/p>\n<p>Entre los motivos que fundamentan estos nuevos valores los taxistas expresaron en la nota que se elev\u00f3 en la \u00faltima quincena de marzo pasado a resoluci\u00f3n del municipio \u201clos continuos aumentos de los insumos involucrados en el rubro: neum\u00e1ticos, combustibles, repuestos, insumos (filtros, aceites, agua destinada), etc. Sin olvidar -se a\u00f1ade- la sumatoria de otros gastos como lo son la VTV, seguros, patente, mano de obra calificada (mec\u00e1nico, chapista, electricista, alineaci\u00f3n y balanceo, etc.), libreta sanitaria, inspecci\u00f3n trimestral, etc.\u201d.<\/p>\n","protected":false},"excerpt":{"rendered":"<p>Lo hizo en el marco de la reciente sesi\u00f3n ordinaria, por unanimidad, sin realizar consideraciones al respecto. Tras el paso por el HCD y promulgada la ordenanza del caso, la bajada de bandera de los taxis en Necochea y Quequ\u00e9n pasar\u00e1 a costar de 200 a 300 pesos -incremento del 50%- y la ficha y [&hellip;]<\/p>\n","protected":false},"author":3,"featured_media":99572,"comment_status":"closed","ping_status":"closed","sticky":false,"template":"","format":"standard","meta":{"footnotes":""},"categories":[3],"tags":[],"class_list":["post-99571","post","type-post","status-publish","format-standard","has-post-thumbnail","category-masnoticias"],"_links":{"self":[{"href":"https:\/\/primicias2262.com\/noticias\/wp-json\/wp\/v2\/posts\/99571","targetHints":{"allow":["GET"]}}],"collection":[{"href":"https:\/\/primicias2262.com\/noticias\/wp-json\/wp\/v2\/posts"}],"about":[{"href":"https:\/\/primicias2262.com\/noticias\/wp-json\/wp\/v2\/types\/post"}],"author":[{"embeddable":true,"href":"https:\/\/primicias2262.com\/noticias\/wp-json\/wp\/v2\/users\/3"}],"replies":[{"embeddable":true,"href":"https:\/\/primicias2262.com\/noticias\/wp-json\/wp\/v2\/comments?post=99571"}],"version-history":[{"count":0,"href":"https:\/\/primicias2262.com\/noticias\/wp-json\/wp\/v2\/posts\/99571\/revisions"}],"wp:attachment":[{"href":"https:\/\/primicias2262.com\/noticias\/wp-json\/wp\/v2\/media?parent=99571"}],"wp:term":[{"taxonomy":"category","embeddable":true,"href":"https:\/\/primicias2262.com\/noticias\/wp-json\/wp\/v2\/categories?post=99571"},{"taxonomy":"post_tag","embeddable":true,"href":"https:\/\/primicias2262.com\/noticias\/wp-json\/wp\/v2\/tags?post=99571"}],"curies":[{"name":"wp","href":"https:\/\/api.w.org\/{rel}","templated":true}]}}