{"id":99579,"date":"2023-04-28T08:52:15","date_gmt":"2023-04-28T11:52:15","guid":{"rendered":"https:\/\/primicias2262.com\/?p=99579"},"modified":"2023-04-28T08:52:15","modified_gmt":"2023-04-28T11:52:15","slug":"hay-que-trabajar-en-equipo-con-la-justicia-pero-queremos-que-los-que-roban-esten-adentro","status":"publish","type":"post","link":"https:\/\/primicias2262.com\/noticias\/hay-que-trabajar-en-equipo-con-la-justicia-pero-queremos-que-los-que-roban-esten-adentro\/","title":{"rendered":"\u201cHay que trabajar en equipo con la Justicia pero queremos que los que roban est\u00e9n adentro\u201d"},"content":{"rendered":"<p><strong>As\u00ed lo enfatiz\u00f3 el secretario de Gobierno, Jorge Mart\u00ednez, quien adem\u00e1s asegur\u00f3 que la ciudad actualmente est\u00e1 pagando las consecuencias de inseguridad por las decisiones que ha tomado Provincia, en alusi\u00f3n a la falta de efectivos policiales en la ciudad y el cierre de la escuela local, aunque no soslay\u00f3 que tambi\u00e9n hay un trasfondo econ\u00f3mico y social complicado que no se arregla solo con sumar agentes policiales.<\/strong><\/p>\n<p>En \u201cVoces de la Ciudad\u201d, durante una nota realizada por el periodista Jorge G\u00f3mez, el funcionario habl\u00f3 de cuestiones de seguridad al otro d\u00eda de haber participado precisamente de la Comisi\u00f3n de Seguridad del Honorable Concejo Deliberante junto al subsecretario de Prevenci\u00f3n y Monitoreo, \u00c1ngel V\u00e1zquez.<\/p>\n<p>Seg\u00fan la prensa del HCD, los funcionarios informaron sobre el estado de situaci\u00f3n de la seguridad en el distrito, esclarecimiento de los hechos delictivos, utilizaci\u00f3n para el mismo del sistema de monitoreo, pedido de m\u00f3viles, efectivos y mapa del delito solicitado al Ministerio de Seguridad. Acerca de ello, Mart\u00ednez refle\u00f3 en \u201cVoces de la Ciudad\u201d que \u201cse trata de ponerlos al tanto de la situaci\u00f3n a los concejales, situaci\u00f3n que ellos conocen, e hicimos un raconto de 2021 a la fecha de las inversiones que se han hecho en arreglo de m\u00f3viles y combustible\u201d.<\/p>\n<p><a href=\"https:\/\/primicias2262.com\/wp-content\/uploads\/2023\/04\/25-4-23-Seg2.jpg\"><img loading=\"lazy\" decoding=\"async\" class=\"aligncenter size-full wp-image-99582\" src=\"https:\/\/primicias2262.com\/wp-content\/uploads\/2023\/04\/25-4-23-Seg2.jpg\" alt=\"\" width=\"800\" height=\"536\" \/><\/a>Asimismo, informaron a la comisi\u00f3n que en muy corto tiempo se inaugurar\u00e1 la nueva sala de monitoreo que permitir\u00e1 tener una multiagencia de recepci\u00f3n de llamadas del 911 y un informe directo del mapa del delito en el n\u00facleo urbano Necochea-Quequ\u00e9n.<\/p>\n<p>M\u00e1s all\u00e1 de este tema, Mart\u00ednez revel\u00f3 que \u201ctuvimos junto al Intendente una extensa charla junto a los jueces de Garant\u00edas, creo que la soluci\u00f3n es trabajar todos en equipo y tratar de que las causas lleguen lo m\u00e1s ordenadas posible al juzgado, nosotros lo que queremos es que los que roban est\u00e9n adentro\u201d.<\/p>\n<p><a href=\"https:\/\/primicias2262.com\/wp-content\/uploads\/2023\/04\/25-4-23-Seg.jpg\"><img loading=\"lazy\" decoding=\"async\" class=\"aligncenter size-full wp-image-99581\" src=\"https:\/\/primicias2262.com\/wp-content\/uploads\/2023\/04\/25-4-23-Seg.jpg\" alt=\"\" width=\"800\" height=\"536\" \/><\/a>En cuanto a los faltantes, se\u00f1al\u00f3 que m\u00f3viles policiales tarde o temprano van a llegar porque el requerimiento ante el ministro Sergio Berni es constante, y en ese contexto afirm\u00f3 que \u201choy necesitamos tambi\u00e9n mayor cantidad de efectivos policiales porque estamos pagando el faltante de los 40 polic\u00edas dados de baja y el cierre de la escuela local, son decisiones de Provincia que hoy estamos pagando las consecuencias, aunque tambi\u00e9n sabemos que hay un trasfondo econ\u00f3mico y social complicado\u201d.<\/p>\n","protected":false},"excerpt":{"rendered":"<p>As\u00ed lo enfatiz\u00f3 el secretario de Gobierno, Jorge Mart\u00ednez, quien adem\u00e1s asegur\u00f3 que la ciudad actualmente est\u00e1 pagando las consecuencias de inseguridad por las decisiones que ha tomado Provincia, en alusi\u00f3n a la falta de efectivos policiales en la ciudad y el cierre de la escuela local, aunque no soslay\u00f3 que tambi\u00e9n hay un trasfondo [&hellip;]<\/p>\n","protected":false},"author":3,"featured_media":99580,"comment_status":"closed","ping_status":"closed","sticky":false,"template":"","format":"standard","meta":{"footnotes":""},"categories":[3],"tags":[],"class_list":["post-99579","post","type-post","status-publish","format-standard","has-post-thumbnail","category-masnoticias"],"_links":{"self":[{"href":"https:\/\/primicias2262.com\/noticias\/wp-json\/wp\/v2\/posts\/99579","targetHints":{"allow":["GET"]}}],"collection":[{"href":"https:\/\/primicias2262.com\/noticias\/wp-json\/wp\/v2\/posts"}],"about":[{"href":"https:\/\/primicias2262.com\/noticias\/wp-json\/wp\/v2\/types\/post"}],"author":[{"embeddable":true,"href":"https:\/\/primicias2262.com\/noticias\/wp-json\/wp\/v2\/users\/3"}],"replies":[{"embeddable":true,"href":"https:\/\/primicias2262.com\/noticias\/wp-json\/wp\/v2\/comments?post=99579"}],"version-history":[{"count":0,"href":"https:\/\/primicias2262.com\/noticias\/wp-json\/wp\/v2\/posts\/99579\/revisions"}],"wp:attachment":[{"href":"https:\/\/primicias2262.com\/noticias\/wp-json\/wp\/v2\/media?parent=99579"}],"wp:term":[{"taxonomy":"category","embeddable":true,"href":"https:\/\/primicias2262.com\/noticias\/wp-json\/wp\/v2\/categories?post=99579"},{"taxonomy":"post_tag","embeddable":true,"href":"https:\/\/primicias2262.com\/noticias\/wp-json\/wp\/v2\/tags?post=99579"}],"curies":[{"name":"wp","href":"https:\/\/api.w.org\/{rel}","templated":true}]}}