{"id":99584,"date":"2023-04-27T11:20:52","date_gmt":"2023-04-27T14:20:52","guid":{"rendered":"https:\/\/primicias2262.com\/?p=99584"},"modified":"2023-04-27T11:20:52","modified_gmt":"2023-04-27T14:20:52","slug":"trigo-y-la-crisis-actual-no-es-casualidad-que-des-una-vuelta-por-el-centro-y-veas-la-tristeza-de-los-mostradores","status":"publish","type":"post","link":"https:\/\/primicias2262.com\/noticias\/trigo-y-la-crisis-actual-no-es-casualidad-que-des-una-vuelta-por-el-centro-y-veas-la-tristeza-de-los-mostradores\/","title":{"rendered":"Trigo y la crisis actual: \u201cNo es casualidad que des una vuelta por el centro y veas la tristeza de los mostradores\u201d"},"content":{"rendered":"<p><strong>El precandidato a Intendente de la ciudad por Juntos en la mesa de Patricia Bullrich, Hern\u00e1n Trigo Guti\u00e9rrez, ech\u00f3 una mirada a la realidad nacional y en ese aspecto carg\u00f3 tintas contra el gobierno que encabeza Alberto Fern\u00e1ndez.<\/strong><\/p>\n<p>Durante su visita a los estudios de \u201cVoces de la Ciudad\u201d y dia\u00b4logo con el periodista Jorge G\u00f3mez, el ex Presidente del HCD en la actual gesti\u00f3n de Arturo Rojas se\u00f1al\u00f3 que \u201cson momentos de tensi\u00f3n e incertidumbre, lo del d\u00f3lar es la consecuencia l\u00f3gica de esta guerra contra la inflaci\u00f3n que sin dudas la ha perdido el gobierno nacional\u201d.<\/p>\n<p>\u201cNo podemos esperar que no se dispare cuando de enero a esta parte debemos tener un 30% de inflaci\u00f3n para el primer cuatrimestre, entonces no se puede pretender que el d\u00f3lar no tenga esta estirada\u201d, agreg\u00f3, para advertir que \u201csumado a eso, y tambi\u00e9n es consecuencia directa de la inflaci\u00f3n, tenemos desabastecimiento, y si vos pod\u00e9s vender y reponer es una cosa, pero si voy a reponer y no consigo las reglas del comercio se rompen todas\u201d.<\/p>\n<p>Seguidamente Trigo Guti\u00e9rrez manifest\u00f3 que \u201choy no sab\u00e9s qu\u00e9 es caro y qu\u00e9 es barato, te dicen cualquier precio y est\u00e1 bien porque hemos perdido noci\u00f3n. El problema es que la gente tiende a sacar dinero de circulaci\u00f3n porque trata de cubrirse, o se compra unos d\u00f3lares o se hace un plazo fijo y es plata que deja de circular, entonces las cosas est\u00e1n cada vez m\u00e1s caras y circulan menos pesos\u201d.<\/p>\n<p>Fue all\u00ed cuando asegur\u00f3 que \u201cno es casualidad que des una vuelta por el centro y veas la tristeza de los mostradores. Tambi\u00e9n tiene que ver con la confianza, es un problema de confianza hacia la parte pol\u00edtica\u201d, tras lo cual dese\u00f3 en voz alta que \u201cel gobierno no tengo dudas que este a\u00f1o a cambiar, hay una desconexi\u00f3n con la realidad muy grande por parte del gobierno actual. La realidad de este modelo le hizo mucho da\u00f1o a este pa\u00eds\u201d.<\/p>\n<p>\u201cNo hay consumo, ni producci\u00f3n ni generaci\u00f3n de empleo, y m\u00e1s all\u00e1 de que no ha sido un contexto f\u00e1cil, no han tenido la capacidad de generar confianza en los mercados y en la sociedad\u201d, argument\u00f3 Trigo Guti\u00e9rrez, para resaltar que \u201ccon los resultados que tienen que darse (un hipot\u00e9tico triunfo de Juntos) creo que eso va a traer tranquilidad y alivio a los mercados, pero por lo pronto me parece que van a ser cuatro meses largu\u00edsimos los que vienen\u201d.<\/p>\n<p>Finalmente, se lo consult\u00f3 acerca de lo partidario local y asegur\u00f3 que \u201ca Patricia (Bullrich) la veo muy bien, sobre todo ac\u00e1 en Necochea, donde mide muy bien en los n\u00fameros y en la calle. Hablando con la gente, se interesa mucha, muestra su apoyo y su intenci\u00f3n de votarla. La gente viene y charla (tienen sede en 52 entre 63 y 65), quiere que la convoquen y participar del proyecto, y en lo local estamos trabajando con la intenci\u00f3n de encabezar el proyecto, si bien todav\u00eda faltan definiciones, se ir\u00e1 resolviendo en el marco de reuniones internas y sobre la base del di\u00e1logo\u201d.<\/p>\n","protected":false},"excerpt":{"rendered":"<p>El precandidato a Intendente de la ciudad por Juntos en la mesa de Patricia Bullrich, Hern\u00e1n Trigo Guti\u00e9rrez, ech\u00f3 una mirada a la realidad nacional y en ese aspecto carg\u00f3 tintas contra el gobierno que encabeza Alberto Fern\u00e1ndez. Durante su visita a los estudios de \u201cVoces de la Ciudad\u201d y dia\u00b4logo con el periodista Jorge [&hellip;]<\/p>\n","protected":false},"author":3,"featured_media":99585,"comment_status":"closed","ping_status":"closed","sticky":false,"template":"","format":"standard","meta":{"footnotes":""},"categories":[3],"tags":[],"class_list":["post-99584","post","type-post","status-publish","format-standard","has-post-thumbnail","category-masnoticias"],"_links":{"self":[{"href":"https:\/\/primicias2262.com\/noticias\/wp-json\/wp\/v2\/posts\/99584","targetHints":{"allow":["GET"]}}],"collection":[{"href":"https:\/\/primicias2262.com\/noticias\/wp-json\/wp\/v2\/posts"}],"about":[{"href":"https:\/\/primicias2262.com\/noticias\/wp-json\/wp\/v2\/types\/post"}],"author":[{"embeddable":true,"href":"https:\/\/primicias2262.com\/noticias\/wp-json\/wp\/v2\/users\/3"}],"replies":[{"embeddable":true,"href":"https:\/\/primicias2262.com\/noticias\/wp-json\/wp\/v2\/comments?post=99584"}],"version-history":[{"count":0,"href":"https:\/\/primicias2262.com\/noticias\/wp-json\/wp\/v2\/posts\/99584\/revisions"}],"wp:attachment":[{"href":"https:\/\/primicias2262.com\/noticias\/wp-json\/wp\/v2\/media?parent=99584"}],"wp:term":[{"taxonomy":"category","embeddable":true,"href":"https:\/\/primicias2262.com\/noticias\/wp-json\/wp\/v2\/categories?post=99584"},{"taxonomy":"post_tag","embeddable":true,"href":"https:\/\/primicias2262.com\/noticias\/wp-json\/wp\/v2\/tags?post=99584"}],"curies":[{"name":"wp","href":"https:\/\/api.w.org\/{rel}","templated":true}]}}