{"id":99588,"date":"2023-04-27T11:57:08","date_gmt":"2023-04-27T14:57:08","guid":{"rendered":"https:\/\/primicias2262.com\/?p=99588"},"modified":"2023-04-27T11:57:08","modified_gmt":"2023-04-27T14:57:08","slug":"posible-construccion-de-la-planta-de-efluentes-el-gobierno-nacional-y-enohsa-se-pusieron-el-proyecto-al-hombro","status":"publish","type":"post","link":"https:\/\/primicias2262.com\/noticias\/posible-construccion-de-la-planta-de-efluentes-el-gobierno-nacional-y-enohsa-se-pusieron-el-proyecto-al-hombro\/","title":{"rendered":"Posible construcci\u00f3n de la planta de efluentes: \u201cEl gobierno nacional y ENOHSA se pusieron el proyecto al hombro\u201d"},"content":{"rendered":"<p><strong>As\u00ed lo destac\u00f3 el secretario de Planeamiento, Obras y Servicios P\u00fablicos de la comuna, Adri\u00e1n Furno, quien en los estudios de \u201cVoces de la Ciudad\u201d revel\u00f3 que \u201clas charlas van bien y lo m\u00e1s importante, que hasta ahora no estaba, es que el proyecto est\u00e1 aprobado\u201d, en referencia a la emblem\u00e1tica obra cuyo monto asciende a los 6 mil millones de d\u00f3lares.<\/strong><\/p>\n<p>En una charla sobre varios tem\u00e1s con el periodista Jorge G\u00f3mez, el funcionario puso el acento en la construcci\u00f3n de la planta depuradora de efluentes cloacales, para la cual el gobierno nacional ha avanzado considerablemente, incluso, con la confecci\u00f3n de la partida presupuestaria. \u201cEstamos haciendo muchos viajes a Buenos Aires y La Plata a los distintos organismos, entre ellos al ENOHSA, que a pedidos del municipio y fuerzas pol\u00edticas de la ciudad -ya que es una obra emblem\u00e1tica-, se logr\u00f3 que haga el proyecto de toda la planta de tratamiento\u201d, confirm\u00f3 Furno.<\/p>\n<p>Cuando se refiere a toda la obra, esto incluye la planta de bombeo del lado de Necochea, en 20 y 57, el cruce del r\u00edo, el colector cloacal que ir\u00eda hasta la planta, la planta propiamente dicha en Punta Carballido y un colector que ir\u00eda al mar de 2400 metros.<\/p>\n<p>\u201cEsta ser\u00eda una planta para casi 150 mil personas, con posibilidades de ampliaci\u00f3n, y en el proyecto contemplaron la solicitud de los terrenos y estudios de impacto ambiental. El proyecto est\u00e1 hecho por la consultora y se est\u00e1 actualizando adentro del ENOHSA, donde el equipo t\u00e9cnico lo est\u00e1 evaluando\u201d, sigui\u00f3 contando entusiasmado.<\/p>\n<p>Por supuesto que no se sabe ninguna fecha concreta de posible licitaci\u00f3n para este a\u00f1o, pero Furno resalt\u00f3 que \u201clas charlas van bien y lo m\u00e1s importante, que hasta ahora no estaba, es que el proyecto est\u00e9 aprobado\u2026 el n\u00famero de expediente es el 130011\/21 y lo vamos siguiendo, lo buenos es que el gobierno nacional y ENOHSA se pusieron al hombro un proyecto muy grande y que para hacer la parte t\u00e9cnica termin\u00e1s en una consultora por el gran monto que significa\u201d.<\/p>\n<p>En ese aspecto, record\u00f3 que \u201cestamos hablando de un monto de casi 6 mil millones de pesos, y est\u00e1 puesto dentro del presupuesto nacional. Lo m\u00e1s factible que se pensaba para esto era que viniera alg\u00fan cr\u00e9dito internacional, pero ENOHSA nos explic\u00f3 que est\u00e1 metido dentro del Programa PROARSA (<em>Programa<\/em> de Asistencia en \u00c1reas con Riesgo Sanitario) y esto depende del gobierno nacional\u201d.<\/p>\n<p>\u201cEst\u00e1 en el presupuesto nacional y estamos todos los d\u00edas viendo cu\u00e1ndo se puede licitar, tenemos la idea de que se pueda lograr y es algo que lo compartimos y hablamos con todas las otras fuerzas pol\u00edticas de la ciudad, como as\u00ed con los legisladores necochenses, para que todos vayamos en el mismo sentido, ya que esto nos atraviesa a todos y es una de las obras emblem\u00e1ticas para Necochea\u201d, insisti\u00f3 el secretario de Obras P\u00fablicas.<\/p>\n<p>Incluso, asegur\u00f3 que \u201csi vos le dec\u00eds a Arturo que elija una obra, va a ser la planta de tratamiento, y la primera pata, que era tener el proyecto, est\u00e1\u201d, para contextualizar que \u201csi no tenemos la planta de tratamiento tampoco pod\u00e9s desarrollar la ampliaci\u00f3n de cloacas, todo est\u00e1 atado a que la ciudad viene creciendo y su avance es mucho m\u00e1s r\u00e1pido de lo que uno piensa, y la planta la tendr\u00eda que tener hace bastante tiempo\u201d.<\/p>\n<p>Por lo pronto, \u201clo positivo es que el lugar de la planta es municipal, el ca\u00f1o del cruce de r\u00edo est\u00e1, todo el colector cloacal hacia la planta de Punta Carballido est\u00e1, la planta del terreno est\u00e1\u2026 o sea que hay muchas cosas que est\u00e1n y eso es muy importante porque cuando vos ten\u00e9s que presentar el plano del terreno los ten\u00e9s y los de la planta los ten\u00e9s. As\u00ed que la obra no depende de nosotros la planta, pero estamos tramitando y gestionando para que pueda hacerse realidad\u201d, concluy\u00f3.<\/p>\n","protected":false},"excerpt":{"rendered":"<p>As\u00ed lo destac\u00f3 el secretario de Planeamiento, Obras y Servicios P\u00fablicos de la comuna, Adri\u00e1n Furno, quien en los estudios de \u201cVoces de la Ciudad\u201d revel\u00f3 que \u201clas charlas van bien y lo m\u00e1s importante, que hasta ahora no estaba, es que el proyecto est\u00e1 aprobado\u201d, en referencia a la emblem\u00e1tica obra cuyo monto asciende [&hellip;]<\/p>\n","protected":false},"author":3,"featured_media":99589,"comment_status":"closed","ping_status":"closed","sticky":false,"template":"","format":"standard","meta":{"footnotes":""},"categories":[3],"tags":[],"class_list":["post-99588","post","type-post","status-publish","format-standard","has-post-thumbnail","category-masnoticias"],"_links":{"self":[{"href":"https:\/\/primicias2262.com\/noticias\/wp-json\/wp\/v2\/posts\/99588","targetHints":{"allow":["GET"]}}],"collection":[{"href":"https:\/\/primicias2262.com\/noticias\/wp-json\/wp\/v2\/posts"}],"about":[{"href":"https:\/\/primicias2262.com\/noticias\/wp-json\/wp\/v2\/types\/post"}],"author":[{"embeddable":true,"href":"https:\/\/primicias2262.com\/noticias\/wp-json\/wp\/v2\/users\/3"}],"replies":[{"embeddable":true,"href":"https:\/\/primicias2262.com\/noticias\/wp-json\/wp\/v2\/comments?post=99588"}],"version-history":[{"count":0,"href":"https:\/\/primicias2262.com\/noticias\/wp-json\/wp\/v2\/posts\/99588\/revisions"}],"wp:attachment":[{"href":"https:\/\/primicias2262.com\/noticias\/wp-json\/wp\/v2\/media?parent=99588"}],"wp:term":[{"taxonomy":"category","embeddable":true,"href":"https:\/\/primicias2262.com\/noticias\/wp-json\/wp\/v2\/categories?post=99588"},{"taxonomy":"post_tag","embeddable":true,"href":"https:\/\/primicias2262.com\/noticias\/wp-json\/wp\/v2\/tags?post=99588"}],"curies":[{"name":"wp","href":"https:\/\/api.w.org\/{rel}","templated":true}]}}