{"id":99601,"date":"2023-04-27T16:58:34","date_gmt":"2023-04-27T19:58:34","guid":{"rendered":"https:\/\/primicias2262.com\/?p=99601"},"modified":"2023-04-27T16:58:34","modified_gmt":"2023-04-27T19:58:34","slug":"seguridad-acuerdan-realizar-gestiones-ante-la-policia-y-la-justicia","status":"publish","type":"post","link":"https:\/\/primicias2262.com\/noticias\/seguridad-acuerdan-realizar-gestiones-ante-la-policia-y-la-justicia\/","title":{"rendered":"Seguridad: acuerdan\u00a0realizar gestiones ante\u00a0la Polic\u00eda y la Justicia"},"content":{"rendered":"<div dir=\"auto\">\n<p><strong>Por Jorge G\u00f3mez\u00a0<\/strong><\/p>\n<p><a href=\"https:\/\/primicias2262.com\/wp-content\/uploads\/2021\/08\/Gomez.jpg\"><img loading=\"lazy\" decoding=\"async\" class=\"alignleft size-thumbnail wp-image-80409\" src=\"https:\/\/primicias2262.com\/wp-content\/uploads\/2021\/08\/Gomez-150x150.jpg\" alt=\"\" width=\"150\" height=\"150\" \/><\/a>Tenor de la nota surgida esta siesta tras el encuentro de un grupo de vecinos con el intendente Arturo Rojas en la que se consider\u00f3 el tema de la seguridad en nuestras ciudades.<\/p>\n<p>La deliberaci\u00f3n sobre esta cuesti\u00f3n -el reclamo por escrito como resultado final- se desarroll\u00f3 en el despacho principal de la Municipalidad de Necochea. Tambi\u00e9n tom\u00f3 parte de este encuentro el secretario de Gobierno, doctor Jorge Mart\u00ednez.<\/p>\n<p>En el texto -rubricado por los presentes- le solicita al jefe comunal de Necochea que lleve adelante gestiones tendientes a \u201cdotar a nuestra ciudadan\u00eda de mayor seguridad \u201c, en relaci\u00f3n a las fuerzas policiales y funcionarios judiciales que tienen competencia en esta problem\u00e1tica.<\/p>\n\n<p><strong>La nota en cuesti\u00f3n se adjunta por aqu\u00ed.<\/strong><a href=\"https:\/\/primicias2262.com\/wp-content\/uploads\/2023\/04\/IMG-20230427-WA0086.jpg\"><img loading=\"lazy\" decoding=\"async\" class=\"aligncenter size-full wp-image-99602\" src=\"https:\/\/primicias2262.com\/wp-content\/uploads\/2023\/04\/IMG-20230427-WA0086.jpg\" alt=\"\" width=\"1438\" height=\"512\" \/><\/a><strong>FOTOS: Alerta Alejandro<\/strong><\/p>\n<\/div>\n","protected":false},"excerpt":{"rendered":"<p>Por Jorge G\u00f3mez\u00a0 Tenor de la nota surgida esta siesta tras el encuentro de un grupo de vecinos con el intendente Arturo Rojas en la que se consider\u00f3 el tema de la seguridad en nuestras ciudades. La deliberaci\u00f3n sobre esta cuesti\u00f3n -el reclamo por escrito como resultado final- se desarroll\u00f3 en el despacho principal de [&hellip;]<\/p>\n","protected":false},"author":3,"featured_media":95434,"comment_status":"closed","ping_status":"closed","sticky":false,"template":"","format":"standard","meta":{"footnotes":""},"categories":[3],"tags":[],"class_list":["post-99601","post","type-post","status-publish","format-standard","has-post-thumbnail","category-masnoticias"],"_links":{"self":[{"href":"https:\/\/primicias2262.com\/noticias\/wp-json\/wp\/v2\/posts\/99601","targetHints":{"allow":["GET"]}}],"collection":[{"href":"https:\/\/primicias2262.com\/noticias\/wp-json\/wp\/v2\/posts"}],"about":[{"href":"https:\/\/primicias2262.com\/noticias\/wp-json\/wp\/v2\/types\/post"}],"author":[{"embeddable":true,"href":"https:\/\/primicias2262.com\/noticias\/wp-json\/wp\/v2\/users\/3"}],"replies":[{"embeddable":true,"href":"https:\/\/primicias2262.com\/noticias\/wp-json\/wp\/v2\/comments?post=99601"}],"version-history":[{"count":0,"href":"https:\/\/primicias2262.com\/noticias\/wp-json\/wp\/v2\/posts\/99601\/revisions"}],"wp:attachment":[{"href":"https:\/\/primicias2262.com\/noticias\/wp-json\/wp\/v2\/media?parent=99601"}],"wp:term":[{"taxonomy":"category","embeddable":true,"href":"https:\/\/primicias2262.com\/noticias\/wp-json\/wp\/v2\/categories?post=99601"},{"taxonomy":"post_tag","embeddable":true,"href":"https:\/\/primicias2262.com\/noticias\/wp-json\/wp\/v2\/tags?post=99601"}],"curies":[{"name":"wp","href":"https:\/\/api.w.org\/{rel}","templated":true}]}}