{"id":99609,"date":"2023-04-30T18:42:32","date_gmt":"2023-04-30T21:42:32","guid":{"rendered":"https:\/\/primicias2262.com\/?p=99609"},"modified":"2023-04-30T18:42:32","modified_gmt":"2023-04-30T21:42:32","slug":"pronto-se-licitara-una-obra-millonaria-para-la-construccion-de-cordon-cuneta-en-varios-puntos","status":"publish","type":"post","link":"https:\/\/primicias2262.com\/noticias\/pronto-se-licitara-una-obra-millonaria-para-la-construccion-de-cordon-cuneta-en-varios-puntos\/","title":{"rendered":"Pronto se licitar\u00e1 una obra millonaria para la construcci\u00f3n de cord\u00f3n cuneta en varios puntos"},"content":{"rendered":"<p><strong>Por un fondo superior a 300 millones de pesos, los cuales provienen del programa provincial \u201cMunicipios a la Obra\u201d, presentado por el gobernador Axel Kicillof hace pocas semanas.<\/strong><\/p>\n<p>En el marco de una nota realizada por el periodista Jorge G\u00f3mez en \u201cVoces de la Ciudad\u201d con el secretario de Planeamiento, Obras y Servicios P\u00fablicos, Adri\u00e1n Furno, \u00e9ste \u00faltimo anuncio que est\u00e1 muy pronto a licitarse una importante inversi\u00f3n de cord\u00f3n cuneta para varias calles de Necochea y Quequ\u00e9n.<\/p>\n<p>En valor informativo, el funcionario especific\u00f3 que \u201cse trata de 306 millones de pesos de \u201cMunicipios a la Obra\u201d, que reemplaza al FIM (Fondo de Infraestructura Municipal), y son 306 millones sin ajuste que nos daba para unas 90 cuadras de cord\u00f3n cuneta\u201d, dando cuenta de que es un monto que no puede reajustarse a medida que pasa el tiempo, a diferencia de los planes nacionales de \u201cArgentina Hace\u201d, que s\u00ed permiten esa flexibilizaci\u00f3n acorde a los tiempos de la inflaci\u00f3n.<\/p>\n<p>Pero por lo pronto, \u201cel plan de cord\u00f3n contempla a un mont\u00f3n de calles\u201d, asegur\u00f3 Furno, y al instante anticip\u00f3 los lugares planificados a construir dicho servicio: \u201cPor ejemplo en Av. 74 de 75 a 91; varios calles del Barrio Norte, por ejemplo en 43 de 74 a 86, y lo mismo en 41 y 45, una zona donde est\u00e1n los dos colegios y la cancha; la calle 84 de 45 a 41; la 86 de 45 a 39, y lo mismo en 82; tambi\u00e9n se hace la Av. 531 de 586 a 554, desde la Papelera hasta donde qued\u00f3 la obra inconclusa del pavimento; y en 566 de 545 a 521\u201d.<\/p>\n<p><a href=\"https:\/\/primicias2262.com\/wp-content\/uploads\/2023\/04\/FOTO-cordon-cuneta-81-y-38.jpeg\"><img loading=\"lazy\" decoding=\"async\" class=\"aligncenter size-full wp-image-99613\" src=\"https:\/\/primicias2262.com\/wp-content\/uploads\/2023\/04\/FOTO-cordon-cuneta-81-y-38.jpeg\" alt=\"\" width=\"1280\" height=\"853\" \/><\/a>Asimismo, est\u00e1 contemplado para llevar cord\u00f3n cuneta el sector de accesos a la Escuela N\u00ba 9 por 78, de 75 a 77, 77 de 76 a 78 y la salida por 76 de 75 a 77; y tambi\u00e9n en la 63 y 100 en la zona del Pichi Huinca y una parte de la Av. 42 de 91 a 111, a lo que acot\u00f3 Furno que \u201ctenemos el mismo criterio que con los corredores seguros\u201d.<\/p>\n<p>La obra se licitar\u00e1 desde la Municipalidad y el funcionario dio cuenta de su prontitud al destacar que \u201cya est\u00e1 el expediente armado y el \u00fanico problema que tenemos es que no se puede mover el valor, y de esos 306 millones el anticipo financiero lo mandaron con el convenio, o sea que tenemos que llamar a licitar urgente para este tema\u201d, lo cual no deja de ser muy importante porque \u201cel cord\u00f3n cuneta ordena y te deja preparado para en otro momento hacer el asfalto\u201d, manifest\u00f3.<\/p>\n<p><strong>La importancia de una estaci\u00f3n transformadora<\/strong><\/p>\n<p>Por otra parte, Furno fue consultado sobre la apertura de sobres en La Plata d\u00edas pasados para la obra de la Estaci\u00f3n Transformadora de repotenciaci\u00f3n el\u00e9ctrica de Quequ\u00e9n, para la que se presentaron dos empresas a dicho acto licitatorio.<\/p>\n<p>\u201cSin esa estaci\u00f3n una de las cosas que no podr\u00edamos tener es la planta de tratamiento de efluentes cloacales por ejemplo\u2026 es una obra s\u00faper importante que significar\u00e1 un antes y un despu\u00e9s para la industria y la generaci\u00f3n de trabajo\u201d, afirm\u00f3, para completar que \u201ctiene dos etapas, la primera que es duplicar de 16 a 32 kilowatts y la segunda etapa que es pasarla a 45, y as\u00ed triplicar la capacidad que hay actualmente de potencia el\u00e9ctrica, tanto para Quequ\u00e9n como para Necochea. Hay una planificaci\u00f3n estrat\u00e9gica en ese sentido a futuro largo\u201d.<\/p>\n<p>Vale recordar los detalles de las dos empresas que se presentaron a la licitaci\u00f3n para construir la obra de repotenciaci\u00f3n el\u00e9ctrica que se dispondr\u00e1 en un terreno de la ciudad de Quequ\u00e9n. Ellas son TEL.3.S.A.U, que cotiz\u00f3 por un monto de 5.317.744.515$; y Argancobra por una cifra de 7.893.379.534$. Ambas propuestas pasaron a ser evaluadas y se presume que dentro de un mes podr\u00eda definirse el futuro de esta licitaci\u00f3n y posible adjudicaci\u00f3n.<\/p>\n","protected":false},"excerpt":{"rendered":"<p>Por un fondo superior a 300 millones de pesos, los cuales provienen del programa provincial \u201cMunicipios a la Obra\u201d, presentado por el gobernador Axel Kicillof hace pocas semanas. En el marco de una nota realizada por el periodista Jorge G\u00f3mez en \u201cVoces de la Ciudad\u201d con el secretario de Planeamiento, Obras y Servicios P\u00fablicos, Adri\u00e1n [&hellip;]<\/p>\n","protected":false},"author":3,"featured_media":99614,"comment_status":"closed","ping_status":"closed","sticky":false,"template":"","format":"standard","meta":{"footnotes":""},"categories":[3],"tags":[],"class_list":["post-99609","post","type-post","status-publish","format-standard","has-post-thumbnail","category-masnoticias"],"_links":{"self":[{"href":"https:\/\/primicias2262.com\/noticias\/wp-json\/wp\/v2\/posts\/99609","targetHints":{"allow":["GET"]}}],"collection":[{"href":"https:\/\/primicias2262.com\/noticias\/wp-json\/wp\/v2\/posts"}],"about":[{"href":"https:\/\/primicias2262.com\/noticias\/wp-json\/wp\/v2\/types\/post"}],"author":[{"embeddable":true,"href":"https:\/\/primicias2262.com\/noticias\/wp-json\/wp\/v2\/users\/3"}],"replies":[{"embeddable":true,"href":"https:\/\/primicias2262.com\/noticias\/wp-json\/wp\/v2\/comments?post=99609"}],"version-history":[{"count":0,"href":"https:\/\/primicias2262.com\/noticias\/wp-json\/wp\/v2\/posts\/99609\/revisions"}],"wp:attachment":[{"href":"https:\/\/primicias2262.com\/noticias\/wp-json\/wp\/v2\/media?parent=99609"}],"wp:term":[{"taxonomy":"category","embeddable":true,"href":"https:\/\/primicias2262.com\/noticias\/wp-json\/wp\/v2\/categories?post=99609"},{"taxonomy":"post_tag","embeddable":true,"href":"https:\/\/primicias2262.com\/noticias\/wp-json\/wp\/v2\/tags?post=99609"}],"curies":[{"name":"wp","href":"https:\/\/api.w.org\/{rel}","templated":true}]}}