{"id":99616,"date":"2023-04-28T08:46:56","date_gmt":"2023-04-28T11:46:56","guid":{"rendered":"https:\/\/primicias2262.com\/?p=99616"},"modified":"2023-04-28T08:46:56","modified_gmt":"2023-04-28T11:46:56","slug":"el-consejo-escolar-puso-en-operacion-camaras-de-seguridad-en-el-complejo-jesuita-cardiel","status":"publish","type":"post","link":"https:\/\/primicias2262.com\/noticias\/el-consejo-escolar-puso-en-operacion-camaras-de-seguridad-en-el-complejo-jesuita-cardiel\/","title":{"rendered":"El Consejo Escolar puso en operaci\u00f3n c\u00e1maras de seguridad en el Complejo Jesuita Cardiel"},"content":{"rendered":"<p><strong>\u201cEn el marco del acuerdo establecido con las instituciones del Complejo Educativo Jesuita Cardiel, el Consejo Escolar de Necochea ha culminado con las tareas de implementaci\u00f3n de c\u00e1maras de seguridad colocadas en puntos estrat\u00e9gicos para garantizar la pol\u00edticas de cuidado de toda la comunidad\u201d, comunicaron desde la instituci\u00f3n.<\/strong><\/p>\n<p>Consultada por este paso que se dio posterior a la demolici\u00f3n de paredones en el predio, la presidenta del Consejo Escolar, Silvina Jensen declar\u00f3 en \u201cVoces de la Ciudad\u201d que ya tiene c\u00e1maras operativas en sus calles internas el Complejo Jesuita Cardiel. \u201cCon un gran esfuerzo y el agradecimiento a los proveedores, se pusieron dos equipos, uno de ellos dentro del recinto del Consejo Escolar con ocho c\u00e1maras que tiene que ver con el complejo nuestro y los caminos donde transitan los alumnos\u201d, confirm\u00f3.<\/p>\n<p>En di\u00e1logo con el periodista Jorge G\u00f3mez, Jensen asegur\u00f3 que \u201cse ve muy n\u00edtido, lo recibimos en los celulares y en breve lo pondremos en espejo con el centro de monitoreo del municipio. Son paliativos en este contexto para dar m\u00e1s seguridad de acuerdo al compromiso que tomamos\u201d.<\/p>\n\n<p>Acto seguido, se expres\u00f3 agradecida con el secretario de Obras P\u00fablicas, Adri\u00e1n Furno, y con todo el equipo de la Municipalidad, \u201cya que que nos est\u00e1n sacando los escombros de los paredones, que es algo muy costoso\u201d.<\/p>\n<p>Vale recordar al respecto que el municipio, junto con personal de Vialidad, y en consenso con el Consejo Escolar y los j\u00f3venes del skatepark, realiz\u00f3 la demolici\u00f3n de los paredones y lleva a cabo la limpieza, mientras que el Consejo coloc\u00f3 luminarias Led y ahora dot\u00f3 de c\u00e1maras de seguridad al predio donde el intento de abuso por parte de intrusos a una estudiante del polo educativo fue la gota que colm\u00f3 la paciencia.<\/p>\n<p>\u201cLas familias est\u00e1n contentas y los directivos tambi\u00e9n, los trabajadores y los alumnos est\u00e1n m\u00e1s seguros y prontamente colocaremos la carteler\u00eda con se\u00f1al\u00e9tica para peatones y veh\u00edculos\u201d, acot\u00f3 Jensen, para concluir que \u201cesto tiene que ver con poner en valor un lugar que todav\u00eda es de Vialidad de Provincia, con un trabajo en conjunto entre todas las instituciones, sin ideolog\u00edas y pensando en un objetivo en com\u00fan\u201d.<\/p>\n","protected":false},"excerpt":{"rendered":"<p>\u201cEn el marco del acuerdo establecido con las instituciones del Complejo Educativo Jesuita Cardiel, el Consejo Escolar de Necochea ha culminado con las tareas de implementaci\u00f3n de c\u00e1maras de seguridad colocadas en puntos estrat\u00e9gicos para garantizar la pol\u00edticas de cuidado de toda la comunidad\u201d, comunicaron desde la instituci\u00f3n. Consultada por este paso que se dio [&hellip;]<\/p>\n","protected":false},"author":3,"featured_media":99611,"comment_status":"closed","ping_status":"closed","sticky":false,"template":"","format":"standard","meta":{"footnotes":""},"categories":[3],"tags":[],"class_list":["post-99616","post","type-post","status-publish","format-standard","has-post-thumbnail","category-masnoticias"],"_links":{"self":[{"href":"https:\/\/primicias2262.com\/noticias\/wp-json\/wp\/v2\/posts\/99616","targetHints":{"allow":["GET"]}}],"collection":[{"href":"https:\/\/primicias2262.com\/noticias\/wp-json\/wp\/v2\/posts"}],"about":[{"href":"https:\/\/primicias2262.com\/noticias\/wp-json\/wp\/v2\/types\/post"}],"author":[{"embeddable":true,"href":"https:\/\/primicias2262.com\/noticias\/wp-json\/wp\/v2\/users\/3"}],"replies":[{"embeddable":true,"href":"https:\/\/primicias2262.com\/noticias\/wp-json\/wp\/v2\/comments?post=99616"}],"version-history":[{"count":0,"href":"https:\/\/primicias2262.com\/noticias\/wp-json\/wp\/v2\/posts\/99616\/revisions"}],"wp:attachment":[{"href":"https:\/\/primicias2262.com\/noticias\/wp-json\/wp\/v2\/media?parent=99616"}],"wp:term":[{"taxonomy":"category","embeddable":true,"href":"https:\/\/primicias2262.com\/noticias\/wp-json\/wp\/v2\/categories?post=99616"},{"taxonomy":"post_tag","embeddable":true,"href":"https:\/\/primicias2262.com\/noticias\/wp-json\/wp\/v2\/tags?post=99616"}],"curies":[{"name":"wp","href":"https:\/\/api.w.org\/{rel}","templated":true}]}}