{"id":99620,"date":"2023-04-29T11:10:28","date_gmt":"2023-04-29T14:10:28","guid":{"rendered":"https:\/\/primicias2262.com\/?p=99620"},"modified":"2023-04-29T11:10:28","modified_gmt":"2023-04-29T14:10:28","slug":"necochea-estuvo-bien-representada-en-la-32o-maraton-de-mar-del-plata","status":"publish","type":"post","link":"https:\/\/primicias2262.com\/noticias\/necochea-estuvo-bien-representada-en-la-32o-maraton-de-mar-del-plata\/","title":{"rendered":"Necochea estuvo bien representada en la 32\u00ba Marat\u00f3n de Mar del Plata"},"content":{"rendered":"<p><strong>Con una nutrida delegaci\u00f3n de la Ciudad de Necochea-Quequ\u00e9n, de los distintos grupos de entrenamiento que hay en la Ciudad (MCS Sport, WM, Necochea Running, Delfo Cabrera, 4&#215;4), entre m\u00e1s de 3500 corredores de todo el pa\u00eds, en todas las distancias 42km, 21km y 10km, se disput\u00f3 en la ciudad de Mar del Plata la 32\u00b0 Edici\u00f3n de la Marat\u00f3n de Mar del Plata.<\/strong><\/p>\n<p>Entre los m\u00e1s destacados estuvo el representante de la MCS Sport, Juli\u00e1n Giunti, quien a\u00f1o tras a\u00f1o se consolida entre los mejores de las distancias, en este caso con el puesto 12\u00ba de la Clasificaci\u00f3n General, siendo el mejor necochense al completar la media marat\u00f3n en 1 hora 20 minutos 23 segundos, y ser segundo en su Categor\u00eda de 41 a 45 a\u00f1os.<\/p>\n<p>La Atleta Florencia Mart\u00ednez se ubic\u00f3 en la 3ra colocaci\u00f3n en la Clasificaci\u00f3n general femenina y 3ra en la Categor\u00eda de 31-35 a\u00f1os.<\/p>\n<p><a href=\"https:\/\/primicias2262.com\/wp-content\/uploads\/2023\/04\/IMG-20230427-WA0190.jpg\"><img loading=\"lazy\" decoding=\"async\" class=\"alignleft size-medium wp-image-99638\" src=\"https:\/\/primicias2262.com\/wp-content\/uploads\/2023\/04\/IMG-20230427-WA0190-225x300.jpg\" alt=\"\" width=\"225\" height=\"300\" \/><\/a><\/p>\n<p>El representante de la Delfo Cabrera, Mario Agust\u00edn Blanco, con un crono de 1 hora 20 minutos 37 segundos, se ubic\u00f3 15\u00ba en la Clasificaci\u00f3n General y gan\u00f3 su Categor\u00eda de 51-55 a\u00f1os.<\/p>\n<p><strong>Tambi\u00e9n compitieron:<\/strong><\/p>\n<p>Diego Retta 1.24<\/p>\n<p>Diego Olivera 1.27.12<\/p>\n<p>Fabi\u00e1n Ib\u00e1\u00f1ez 1.28<\/p>\n<p>Martin D\u00edaz 1.29.33<\/p>\n<p>Mauricio Olivera 1.30.53<\/p>\n<p>Agust\u00edn Montero 1.31.50<\/p>\n<p>Gabriel P\u00e9rez 1.32.11<\/p>\n<p>Silvana Cattini 1.33.21<\/p>\n<p>Laura Irrazabal 1.33<\/p>\n<p>\u201cEs muy amplia la lista, se pide disculpas a los que no est\u00e1n, y m\u00e1s que merecido el reconocimiento que se merecen al colocarse el dorsal y largar y cumplir con las metas que se proponen, desde la MCS Sport Felicitamos a todos e incentivamos a la pr\u00e1ctica deportiva en todas las disciplinas\u201d, destacaron desde Mesa CHICA Sport.<\/p>\n","protected":false},"excerpt":{"rendered":"<p>Con una nutrida delegaci\u00f3n de la Ciudad de Necochea-Quequ\u00e9n, de los distintos grupos de entrenamiento que hay en la Ciudad (MCS Sport, WM, Necochea Running, Delfo Cabrera, 4&#215;4), entre m\u00e1s de 3500 corredores de todo el pa\u00eds, en todas las distancias 42km, 21km y 10km, se disput\u00f3 en la ciudad de Mar del Plata la [&hellip;]<\/p>\n","protected":false},"author":3,"featured_media":99637,"comment_status":"closed","ping_status":"closed","sticky":false,"template":"","format":"standard","meta":{"footnotes":""},"categories":[3],"tags":[],"class_list":["post-99620","post","type-post","status-publish","format-standard","has-post-thumbnail","category-masnoticias"],"_links":{"self":[{"href":"https:\/\/primicias2262.com\/noticias\/wp-json\/wp\/v2\/posts\/99620","targetHints":{"allow":["GET"]}}],"collection":[{"href":"https:\/\/primicias2262.com\/noticias\/wp-json\/wp\/v2\/posts"}],"about":[{"href":"https:\/\/primicias2262.com\/noticias\/wp-json\/wp\/v2\/types\/post"}],"author":[{"embeddable":true,"href":"https:\/\/primicias2262.com\/noticias\/wp-json\/wp\/v2\/users\/3"}],"replies":[{"embeddable":true,"href":"https:\/\/primicias2262.com\/noticias\/wp-json\/wp\/v2\/comments?post=99620"}],"version-history":[{"count":0,"href":"https:\/\/primicias2262.com\/noticias\/wp-json\/wp\/v2\/posts\/99620\/revisions"}],"wp:attachment":[{"href":"https:\/\/primicias2262.com\/noticias\/wp-json\/wp\/v2\/media?parent=99620"}],"wp:term":[{"taxonomy":"category","embeddable":true,"href":"https:\/\/primicias2262.com\/noticias\/wp-json\/wp\/v2\/categories?post=99620"},{"taxonomy":"post_tag","embeddable":true,"href":"https:\/\/primicias2262.com\/noticias\/wp-json\/wp\/v2\/tags?post=99620"}],"curies":[{"name":"wp","href":"https:\/\/api.w.org\/{rel}","templated":true}]}}