{"id":99630,"date":"2023-04-29T11:15:19","date_gmt":"2023-04-29T14:15:19","guid":{"rendered":"https:\/\/primicias2262.com\/?p=99630"},"modified":"2023-04-29T11:15:19","modified_gmt":"2023-04-29T14:15:19","slug":"actitud-solidaria-2023-se-realizara-el-10-de-junio-en-centro-vasco","status":"publish","type":"post","link":"https:\/\/primicias2262.com\/noticias\/actitud-solidaria-2023-se-realizara-el-10-de-junio-en-centro-vasco\/","title":{"rendered":"Actitud Solidaria 2023 se realizar\u00e1 el 10 de junio en Centro Vasco"},"content":{"rendered":"<p><strong>As\u00ed lo confirm\u00f3 durante esta semana la coordinaci\u00f3n de Actitud Solidaria, que de esta manera anuncia su 9\u00ba edici\u00f3n.<\/strong><\/p>\n<p><strong>Desde Actitud Solidaria se inform\u00f3 que la 9\u00ba edici\u00f3n<\/strong> tendr\u00e1 lugar el<strong> s\u00e1bado 10 de junio de 9 a 15 hs, <\/strong>el SUM del <strong>Centro Vasco<\/strong>, en Avenida 58 entre calles 65 y 67. \u201cEste a\u00f1o m\u00e1s que nunca nuestra atenci\u00f3n se centrar\u00e1 en recibir donaciones de ropa, abrigo, juguetes y leche larga vida\u201d, especificaron.<\/p>\n<p>Las <strong>donaciones<\/strong> recibidas ser\u00e1n cuidadosamente clasificadas y destinadas a m\u00e1s de <strong>14 comedores, merenderos y hogares del distrito<\/strong>, llegando a m\u00e1s de <strong>1400 ni\u00f1os y ni\u00f1as<\/strong> junto a sus familias.<\/p>\n<p>\u201cApelamos a las voluntades de cada uno de ustedes, sabiendo que cuantas m\u00e1s voces juntemos para difundir la colecta, m\u00e1s llegada tendremos a cada rinc\u00f3n de la ciudad\u201d, se\u00f1alaron.<\/p>\n<p><a href=\"https:\/\/primicias2262.com\/wp-content\/uploads\/2023\/04\/AS2023-placa-reels.jpg\"><img loading=\"lazy\" decoding=\"async\" class=\"aligncenter size-full wp-image-99632\" src=\"https:\/\/primicias2262.com\/wp-content\/uploads\/2023\/04\/AS2023-placa-reels.jpg\" alt=\"\" width=\"1304\" height=\"1600\" \/><\/a><\/p>\n","protected":false},"excerpt":{"rendered":"<p>As\u00ed lo confirm\u00f3 durante esta semana la coordinaci\u00f3n de Actitud Solidaria, que de esta manera anuncia su 9\u00ba edici\u00f3n. Desde Actitud Solidaria se inform\u00f3 que la 9\u00ba edici\u00f3n tendr\u00e1 lugar el s\u00e1bado 10 de junio de 9 a 15 hs, el SUM del Centro Vasco, en Avenida 58 entre calles 65 y 67. \u201cEste a\u00f1o [&hellip;]<\/p>\n","protected":false},"author":3,"featured_media":99631,"comment_status":"closed","ping_status":"closed","sticky":false,"template":"","format":"standard","meta":{"footnotes":""},"categories":[3],"tags":[],"class_list":["post-99630","post","type-post","status-publish","format-standard","has-post-thumbnail","category-masnoticias"],"_links":{"self":[{"href":"https:\/\/primicias2262.com\/noticias\/wp-json\/wp\/v2\/posts\/99630","targetHints":{"allow":["GET"]}}],"collection":[{"href":"https:\/\/primicias2262.com\/noticias\/wp-json\/wp\/v2\/posts"}],"about":[{"href":"https:\/\/primicias2262.com\/noticias\/wp-json\/wp\/v2\/types\/post"}],"author":[{"embeddable":true,"href":"https:\/\/primicias2262.com\/noticias\/wp-json\/wp\/v2\/users\/3"}],"replies":[{"embeddable":true,"href":"https:\/\/primicias2262.com\/noticias\/wp-json\/wp\/v2\/comments?post=99630"}],"version-history":[{"count":0,"href":"https:\/\/primicias2262.com\/noticias\/wp-json\/wp\/v2\/posts\/99630\/revisions"}],"wp:attachment":[{"href":"https:\/\/primicias2262.com\/noticias\/wp-json\/wp\/v2\/media?parent=99630"}],"wp:term":[{"taxonomy":"category","embeddable":true,"href":"https:\/\/primicias2262.com\/noticias\/wp-json\/wp\/v2\/categories?post=99630"},{"taxonomy":"post_tag","embeddable":true,"href":"https:\/\/primicias2262.com\/noticias\/wp-json\/wp\/v2\/tags?post=99630"}],"curies":[{"name":"wp","href":"https:\/\/api.w.org\/{rel}","templated":true}]}}