{"id":99635,"date":"2023-04-28T08:50:27","date_gmt":"2023-04-28T11:50:27","guid":{"rendered":"https:\/\/primicias2262.com\/?p=99635"},"modified":"2023-04-28T08:50:27","modified_gmt":"2023-04-28T11:50:27","slug":"desde-el-martes-2-de-mayo-la-hora-del-sem-tendra-un-costo-de-100-pesos","status":"publish","type":"post","link":"https:\/\/primicias2262.com\/noticias\/desde-el-martes-2-de-mayo-la-hora-del-sem-tendra-un-costo-de-100-pesos\/","title":{"rendered":"Desde el martes 2 de mayo\u00a0la hora del SEM tendr\u00e1\u00a0un costo de $100 pesos"},"content":{"rendered":"<p><strong>Tal lo que prev\u00e9 la ordenanza fiscal e impositiva municipal vigente. Hasta este s\u00e1bado 29 de abril al mediod\u00eda el valor de la hora de estacionamiento de veh\u00edculos en la zona c\u00e9ntrica de Necochea ser\u00e1 de 70 pesos, aument\u00e1ndose a 100 pesos a partir del primer d\u00eda h\u00e1bil de la pr\u00f3xima semana.<\/strong><\/p>\n<p><strong>Por Jorge G\u00f3mez<\/strong><\/p>\n<p><a href=\"https:\/\/primicias2262.com\/wp-content\/uploads\/2021\/08\/Gomez.jpg\"><img loading=\"lazy\" decoding=\"async\" class=\"alignleft size-thumbnail wp-image-80409\" src=\"https:\/\/primicias2262.com\/wp-content\/uploads\/2021\/08\/Gomez-150x150.jpg\" alt=\"\" width=\"150\" height=\"150\" \/><\/a>Tal cual lo prev\u00e9 la vigente ordenanza fiscal e impositiva 2023 (OFI) de la Municipalidad de Necochea, a partir del venidero 1\u00ba de mayo -en este caso, dado el feriado nacional por el Dia del Trabajo, ser\u00eda desde el pr\u00f3ximo martes 2 de mayo, primer d\u00eda h\u00e1bil del quinto mes de este a\u00f1o- se producir\u00e1 un incremento en el valor de la hora -y por veh\u00edculo- por el uso del estacionamiento vehicular en la zona c\u00e9ntrica de nuestra ciudad, conocido como SEM (servicio de estacionamiento medido), elev\u00e1ndose de los actuales 70 pesos a 100 pesos. El aumento ser\u00e1 de casi el 42,86%.<\/p>\n<p>En el t\u00edtulo XXXII de la mencionada OFI, titulada Derecho de Estacionamiento Vehicular, el art\u00edculo 450\u00ba as\u00ed lo prev\u00e9, record\u00e1ndose que la vigencia del valor de 70 pesos tendr\u00e1 rigor hasta el 30 de abril, jornada de domingo, y por lo tanto, tendr\u00e1 ese costo hasta el mediod\u00eda del s\u00e1bado 29 de abril, habida cuenta desde el mediod\u00eda de esta \u00faltima jornada no se cobra el SEM en el \u00e1rea c\u00e9ntrica de nuestra ciudad.<\/p>\n<p>En el cap\u00edtulo III del aludido t\u00edtulo de la fiscal e impositiva municipal imperante, se encuentran los alcances de lo informado por aqu\u00ed.<\/p>\n<p>\u201cDERECHO DE ESTACIONAMIENTO VEHICULAR.<\/p>\n<p>Art\u00edculo 449\u00b0: La base imponible del presente T\u00edtulo estar\u00e1 constituida por cada unidad automotor y por tiempo de uso del estacionamiento.<\/p>\n<p>CAP\u00cdTULO III: TASA<\/p>\n<p>Art\u00edculo 450\u00b0: Se establece un valor fijo de pesos setenta ($70,00) hasta el 30\/04\/2023, y de pesos cien ($100,00) a partir del 01\/05\/2023, por cada veh\u00edculo y por hora, por el uso del estacionamiento vehicular.<\/p>\n<p>En todos los casos, la primera hora no se fraccionar\u00e1 en ning\u00fan caso. A partir de la segunda hora se fracciona minuto a minuto (excepto estacionamiento puntual que siempre adquiere estacionamiento por horas completas).<\/p>\n<p>Se contempla una tolerancia de quince (15) minutos de gratuidad para quienes hayan tomado como m\u00ednimo una (1) hora de estacionamiento tarifado\u201d.<\/p>\n","protected":false},"excerpt":{"rendered":"<p>Tal lo que prev\u00e9 la ordenanza fiscal e impositiva municipal vigente. Hasta este s\u00e1bado 29 de abril al mediod\u00eda el valor de la hora de estacionamiento de veh\u00edculos en la zona c\u00e9ntrica de Necochea ser\u00e1 de 70 pesos, aument\u00e1ndose a 100 pesos a partir del primer d\u00eda h\u00e1bil de la pr\u00f3xima semana. Por Jorge G\u00f3mez [&hellip;]<\/p>\n","protected":false},"author":3,"featured_media":91033,"comment_status":"closed","ping_status":"closed","sticky":false,"template":"","format":"standard","meta":{"footnotes":""},"categories":[3],"tags":[],"class_list":["post-99635","post","type-post","status-publish","format-standard","has-post-thumbnail","category-masnoticias"],"_links":{"self":[{"href":"https:\/\/primicias2262.com\/noticias\/wp-json\/wp\/v2\/posts\/99635","targetHints":{"allow":["GET"]}}],"collection":[{"href":"https:\/\/primicias2262.com\/noticias\/wp-json\/wp\/v2\/posts"}],"about":[{"href":"https:\/\/primicias2262.com\/noticias\/wp-json\/wp\/v2\/types\/post"}],"author":[{"embeddable":true,"href":"https:\/\/primicias2262.com\/noticias\/wp-json\/wp\/v2\/users\/3"}],"replies":[{"embeddable":true,"href":"https:\/\/primicias2262.com\/noticias\/wp-json\/wp\/v2\/comments?post=99635"}],"version-history":[{"count":0,"href":"https:\/\/primicias2262.com\/noticias\/wp-json\/wp\/v2\/posts\/99635\/revisions"}],"wp:attachment":[{"href":"https:\/\/primicias2262.com\/noticias\/wp-json\/wp\/v2\/media?parent=99635"}],"wp:term":[{"taxonomy":"category","embeddable":true,"href":"https:\/\/primicias2262.com\/noticias\/wp-json\/wp\/v2\/categories?post=99635"},{"taxonomy":"post_tag","embeddable":true,"href":"https:\/\/primicias2262.com\/noticias\/wp-json\/wp\/v2\/tags?post=99635"}],"curies":[{"name":"wp","href":"https:\/\/api.w.org\/{rel}","templated":true}]}}