{"id":99658,"date":"2023-04-28T10:44:06","date_gmt":"2023-04-28T13:44:06","guid":{"rendered":"https:\/\/primicias2262.com\/?p=99658"},"modified":"2023-04-28T10:44:06","modified_gmt":"2023-04-28T13:44:06","slug":"con-motivo-del-dia-del-trabajador-no-habra-servicio-de-recoleccion-el-lunes","status":"publish","type":"post","link":"https:\/\/primicias2262.com\/noticias\/con-motivo-del-dia-del-trabajador-no-habra-servicio-de-recoleccion-el-lunes\/","title":{"rendered":"Con motivo del D\u00eda del Trabajador no habr\u00e1 servicio de recolecci\u00f3n el lunes"},"content":{"rendered":"<p><strong>As\u00ed lo anticip\u00f3 el responsable del \u00e1rea de Recolecci\u00f3n de Residuos municipal, Adri\u00e1n Ciancaglini, durante una breve nota telef\u00f3nica realizada por el periodista Jorge G\u00f3mez.<\/strong><\/p>\n<p>El pr\u00f3ximo lunes 1\u00ba de mayo, con motivo del D\u00eda del Trabajador, el servicio de recolecci\u00f3n de residuos domiciliaria no va a funcionar, y as\u00ed lo explic\u00f3 Ciancaglini.<\/p>\n<p>\u201cTanto el 1\u00ba de mayo como los feriados festivos del 25 de diciembre y 1\u00ba de enero no se brinda el servicio, as\u00ed que no habr\u00e1 recolecci\u00f3n diurna ni nocturna el lunes\u201d, confirm\u00f3.<\/p>\n<p>En cuanto al reordenamiento de los turnos, indic\u00f3 que \u201cla recolecci\u00f3n nocturna se va a brindar el domingo a la noche y saltar\u00e1 al martes, y el que m\u00e1s queda afectado es el turno matutino, que finaliza el s\u00e1bado y retoma reci\u00e9n el martes 2 de mayo\u2026 el domingo nunca sale y el lunes no lo har\u00e1 por el D\u00eda del Trabajador\u201d.<\/p>\n<p>Asimismo, especific\u00f3 que la parte m\u00e1s afectada, por ende, es la frecuencia 3 de lunes, mi\u00e9rcoles y viernes, por lo que en esas zonas hasta el mi\u00e9rcoles 3 no se restablecer\u00e1 el servicio.<\/p>\n<p><a href=\"https:\/\/primicias2262.com\/wp-content\/uploads\/2023\/04\/PLACA-Recoleccion-1o-de-mayo.jpeg\"><img loading=\"lazy\" decoding=\"async\" class=\"aligncenter size-full wp-image-99659\" src=\"https:\/\/primicias2262.com\/wp-content\/uploads\/2023\/04\/PLACA-Recoleccion-1o-de-mayo.jpeg\" alt=\"\" width=\"1600\" height=\"1600\" \/><\/a><\/p>\n","protected":false},"excerpt":{"rendered":"<p>As\u00ed lo anticip\u00f3 el responsable del \u00e1rea de Recolecci\u00f3n de Residuos municipal, Adri\u00e1n Ciancaglini, durante una breve nota telef\u00f3nica realizada por el periodista Jorge G\u00f3mez. El pr\u00f3ximo lunes 1\u00ba de mayo, con motivo del D\u00eda del Trabajador, el servicio de recolecci\u00f3n de residuos domiciliaria no va a funcionar, y as\u00ed lo explic\u00f3 Ciancaglini. \u201cTanto el [&hellip;]<\/p>\n","protected":false},"author":3,"featured_media":88913,"comment_status":"closed","ping_status":"closed","sticky":false,"template":"","format":"standard","meta":{"footnotes":""},"categories":[3],"tags":[],"class_list":["post-99658","post","type-post","status-publish","format-standard","has-post-thumbnail","category-masnoticias"],"_links":{"self":[{"href":"https:\/\/primicias2262.com\/noticias\/wp-json\/wp\/v2\/posts\/99658","targetHints":{"allow":["GET"]}}],"collection":[{"href":"https:\/\/primicias2262.com\/noticias\/wp-json\/wp\/v2\/posts"}],"about":[{"href":"https:\/\/primicias2262.com\/noticias\/wp-json\/wp\/v2\/types\/post"}],"author":[{"embeddable":true,"href":"https:\/\/primicias2262.com\/noticias\/wp-json\/wp\/v2\/users\/3"}],"replies":[{"embeddable":true,"href":"https:\/\/primicias2262.com\/noticias\/wp-json\/wp\/v2\/comments?post=99658"}],"version-history":[{"count":0,"href":"https:\/\/primicias2262.com\/noticias\/wp-json\/wp\/v2\/posts\/99658\/revisions"}],"wp:attachment":[{"href":"https:\/\/primicias2262.com\/noticias\/wp-json\/wp\/v2\/media?parent=99658"}],"wp:term":[{"taxonomy":"category","embeddable":true,"href":"https:\/\/primicias2262.com\/noticias\/wp-json\/wp\/v2\/categories?post=99658"},{"taxonomy":"post_tag","embeddable":true,"href":"https:\/\/primicias2262.com\/noticias\/wp-json\/wp\/v2\/tags?post=99658"}],"curies":[{"name":"wp","href":"https:\/\/api.w.org\/{rel}","templated":true}]}}