{"id":99665,"date":"2023-04-30T19:00:20","date_gmt":"2023-04-30T22:00:20","guid":{"rendered":"https:\/\/primicias2262.com\/?p=99665"},"modified":"2023-04-30T19:00:20","modified_gmt":"2023-04-30T22:00:20","slug":"en-la-vispera-del-dia-del-trabajador-sbrizzi-hablo-sobre-equidad-de-genero-y-multilateralismo","status":"publish","type":"post","link":"https:\/\/primicias2262.com\/noticias\/en-la-vispera-del-dia-del-trabajador-sbrizzi-hablo-sobre-equidad-de-genero-y-multilateralismo\/","title":{"rendered":"En la v\u00edspera del D\u00eda del Trabajador, Sbrizzi habl\u00f3 sobre equidad de g\u00e9nero y multilateralismo"},"content":{"rendered":"<p><strong>Virginia Sbrizzi, de las filas del SADOP e integrante de la CGT Regional Necochea, pas\u00f3 por los estudios de \u201cVoces de la Ciudad\u201d y en di\u00e1logo con el periodista Jorge G\u00f3mez fij\u00f3 prioridades a resaltar en el acto del pr\u00f3ximo lunes 1\u00ba de mayo, adem\u00e1s de poner el foco en el tema del trabajo informal.<\/strong><\/p>\n<p>La docente confirm\u00f3 primeramente que el acto de la CGT el lunes ser\u00e1 12.30 en el Monumento al Trabajador en 58 y 59, para definir seguidamente que \u201cel \u00a0mundo del trabajo est\u00e1 convulsionado porque es muy dif\u00edcil que lo que pasa y el dinamismo que hay en Argentina es muy dif\u00edcil que no influya, incluso hasta en los v\u00ednculos\u201d.<\/p>\n<p>A continuaci\u00f3n habl\u00f3 sobre un concepto no muy abordado anteriormente, al expresar que \u201cen las \u00faltimas d\u00e9cadas ha habido cambios mundiales, m\u00e1s all\u00e1 de lo que marc\u00f3 la pandemia, y hoy por hoy los trabajadores no debemos dejar de reflexionar que hay cuestiones que ya no son productos de la globalizaci\u00f3n, sino del multilateralismo\u201d. En ese sentido, afirm\u00f3 que \u201ctodo lo que sucede en cualquier lugar del mundo m\u00e1s tarde o m\u00e1s temprano est\u00e1 influenciando lo que nos pasa a nivel local y es muy importante que los trabajadores y trabajadoras tengamos en cuenta eso. No podemos darnos el lujo de aislarnos, sino pensarse en un mundo multilateral porque est\u00e1n dadas las condiciones, y seguro que as\u00ed fue programado, para que todo influya en todo\u201d.<\/p>\n<p>En cuanto a la mujer en el mundo del trabajo puntualmente, resalt\u00f3 que \u201chay una situaci\u00f3n a atender, porque no hay mujeres que trabajan y otras que no, sino que todas las mujeres trabajamos, tengamos un trabajo formal o informal fuera de la casa o no, y adem\u00e1s la sociedad evoluciona y ha habido cambios impuestos por el activismo y la visibilizaci\u00f3n de esta situaci\u00f3n de injusticia, porque la mujer tiene a su cargo en general, la mayor\u00eda de las tareas de cuidado y esto es algo que parece natural, y adem\u00e1s capaz que trabaja tambi\u00e9n fuera de casa y est\u00e1 en informalidad, entonces lo que decimos desde el movimiento obrero es que hay que atender a la equidad de g\u00e9nero, porque la igualdad es en otro plano\u201d.<\/p>\n<p><a href=\"https:\/\/primicias2262.com\/wp-content\/uploads\/2023\/04\/virginia-sbrizzi.jpeg\"><img loading=\"lazy\" decoding=\"async\" class=\"alignleft size-medium wp-image-99668\" src=\"https:\/\/primicias2262.com\/wp-content\/uploads\/2023\/04\/virginia-sbrizzi-300x225.jpeg\" alt=\"\" width=\"300\" height=\"225\" \/><\/a>\u201cLas mujeres que trabajamos en cualquiera de las jurisdicciones o categor\u00eda, formal o informalmente, representamos a un sector de la sociedad que todav\u00eda tiene un grado de debilidad y riesgo para su supervivencia. Hace a\u00f1os que se nota tambi\u00e9n que la mujer es jefa de familia y responsable del mantenimiento de la familia, no porque haya situaciones de mala voluntad, sino porque as\u00ed se fue dando en la sociedad y la mujer est\u00e1 desprotegida en ese sentido\u201d, acot\u00f3.<\/p>\n<p>En otro segmento de la charla, puso el acento tambi\u00e9n sobre el modelo de trabajo informal. \u201cDebe ser una discusi\u00f3n permanente puertas adentro del movimiento obrero y por supuesto considerable por parte de la dirigencia pol\u00edtica que toma decisiones y tambi\u00e9n del arco empresarial o los espacios que generan o eliminan estos puestos de trabajo\u201d.<\/p>\n<p>Por ello, se\u00f1al\u00f3 que es sumamente importante poder acercar representantes de los trabajadores a los lugares donde se toman decisiones y se presentan proyectos que tienen que ver con la realidad, y ya no pensarse como una isla\u201d.<\/p>\n<p>Para concluir, Virginia acot\u00f3 que \u201chay que estar alertas en esta s\u00faper globalizaci\u00f3n porque a veces se utiliza para intentar limitar la conquista de algunos derechos laborales y sociales, la situaci\u00f3n de trabajadores\/as desocupadas y la informalidad en que est\u00e1n miles de ellos en el mundo del trabajo, es decir, que trabajan para sobrevivir y mantener a sus familias, a veces uno escucha y ve situaciones que parecieran del siglo pasado, pero ha cambiado absolutamente la relaci\u00f3n\u201d.<\/p>\n","protected":false},"excerpt":{"rendered":"<p>Virginia Sbrizzi, de las filas del SADOP e integrante de la CGT Regional Necochea, pas\u00f3 por los estudios de \u201cVoces de la Ciudad\u201d y en di\u00e1logo con el periodista Jorge G\u00f3mez fij\u00f3 prioridades a resaltar en el acto del pr\u00f3ximo lunes 1\u00ba de mayo, adem\u00e1s de poner el foco en el tema del trabajo informal. [&hellip;]<\/p>\n","protected":false},"author":3,"featured_media":99667,"comment_status":"closed","ping_status":"closed","sticky":false,"template":"","format":"standard","meta":{"footnotes":""},"categories":[3],"tags":[],"class_list":["post-99665","post","type-post","status-publish","format-standard","has-post-thumbnail","category-masnoticias"],"_links":{"self":[{"href":"https:\/\/primicias2262.com\/noticias\/wp-json\/wp\/v2\/posts\/99665","targetHints":{"allow":["GET"]}}],"collection":[{"href":"https:\/\/primicias2262.com\/noticias\/wp-json\/wp\/v2\/posts"}],"about":[{"href":"https:\/\/primicias2262.com\/noticias\/wp-json\/wp\/v2\/types\/post"}],"author":[{"embeddable":true,"href":"https:\/\/primicias2262.com\/noticias\/wp-json\/wp\/v2\/users\/3"}],"replies":[{"embeddable":true,"href":"https:\/\/primicias2262.com\/noticias\/wp-json\/wp\/v2\/comments?post=99665"}],"version-history":[{"count":0,"href":"https:\/\/primicias2262.com\/noticias\/wp-json\/wp\/v2\/posts\/99665\/revisions"}],"wp:attachment":[{"href":"https:\/\/primicias2262.com\/noticias\/wp-json\/wp\/v2\/media?parent=99665"}],"wp:term":[{"taxonomy":"category","embeddable":true,"href":"https:\/\/primicias2262.com\/noticias\/wp-json\/wp\/v2\/categories?post=99665"},{"taxonomy":"post_tag","embeddable":true,"href":"https:\/\/primicias2262.com\/noticias\/wp-json\/wp\/v2\/tags?post=99665"}],"curies":[{"name":"wp","href":"https:\/\/api.w.org\/{rel}","templated":true}]}}