{"id":99666,"date":"2023-04-30T18:50:26","date_gmt":"2023-04-30T21:50:26","guid":{"rendered":"https:\/\/primicias2262.com\/?p=99666"},"modified":"2023-04-30T18:50:26","modified_gmt":"2023-04-30T21:50:26","slug":"walter-bravo-nuestro-objetivo-es-claro-llegar-al-ejecutivo","status":"publish","type":"post","link":"https:\/\/primicias2262.com\/noticias\/walter-bravo-nuestro-objetivo-es-claro-llegar-al-ejecutivo\/","title":{"rendered":"Walter Bravo: \u201cNuestro objetivo es claro, llegar al Ejecutivo\u201d"},"content":{"rendered":"<p><strong>Con determinaci\u00f3n, uno de los precandidatos a intendente por la Uni\u00f3n C\u00edvica Radical dentro de la coalici\u00f3n Juntos, Walter Bravo, se mostr\u00f3 confiado de cara a las elecciones de este a\u00f1o y entusiasmado por el apoyo de dirigentes locales hist\u00f3ricos del centenario partido.<\/strong><\/p>\n<p>En su visita a los estudios de \u201cVoces de la Ciudad\u201d, durante la nota realizada por el periodista Jorge G\u00f3mez, el precandidato a intendente por la Uni\u00f3n C\u00edvica Radical, Walter Bravo, asegur\u00f3 que \u201cestamos contentos con todo el acompa\u00f1amiento que se viene generando a ra\u00edz de la precandidatura, en los \u00faltimos d\u00edas me manifest\u00f3 su apoyo en conversaciones el exintendente, Daniel Molina, como ya lo han hecho los concejales actuales que me acompa\u00f1an como Adriana P\u00e9rez, Alejandro Bidegain; el Dr. Alberto Esnaola, Leonardo Cavallo y Virginia Jacob, entre muchos otros\u201d.<\/p>\n<p>Quien vivi\u00f3 10 a\u00f1os en Necochea y vive desde hace 24 a\u00f1os en Quequ\u00e9n, tambi\u00e9n se mostr\u00f3 feliz porque \u201cayer en conversaciones con Jos\u00e9 Mar\u00eda Ferrer, me manifest\u00f3 su apoyo a esta lista y para m\u00ed ser\u00e1 un honor recorrer las calles de Necochea con el Dr. Molina y las de Quequ\u00e9n con Jos\u00e9 Ferrer\u201d.<\/p>\n<p>Acerca del plenario radical de esta semana, Bravo manifest\u00f3 que \u201cnosotros somos amplios y entendemos el justo derecho de todos de poder proponerse para una candidatura desde el lugar que las personas elijan. En nuestro grupo hemos tenido la vocaci\u00f3n desde un principio de un imaginario de gobierno y llegar a las elecciones, por supuesto que primero hay que pasar las PASO, pero el objetivo es claro: llegar al Ejecutivo\u201d.<\/p>\n<p>\u201cEn ese contexto entendemos que necesitamos sumar para poder cambiar la realidad del distrito de Necochea, Juntos tiene que confluir en un gobierno realmente de coalici\u00f3n donde todos tengan su representaci\u00f3n\u201d, avis\u00f3, para luego hablar de ejes de gobierno, con proyectos de econom\u00eda e infraestructura como prioridad.<\/p>\n<p>En primer t\u00e9rmino, se\u00f1al\u00f3 que \u201cestamos convencidos que hay que hacer una reforma estructural del municipio en cuanto a la organizaci\u00f3n de gastos, en ese sentido el municipio tiene recursos propios, sin anunciar obras gigantescas, para poder hacer cosas que hace muchos a\u00f1os no se hacen y las cuales estar\u00e1n divididas en diferentes etapas. Ya estamos trabajando con nuestra gente en convocatoria de profesionales para tener una propuesta concreta\u201d, tras lo que pronunci\u00f3 que \u201cel tema fundamental es la infraestructura en cuanto a lo que no se ve, ya que sigue habiendo problemas de desnivel y funcionamiento de cloacas, son cosas que no se ven pero atormentan la vida diaria del ciudadano, y nosotros lo tenemos muy en claro\u201d.<\/p>\n<p>Asimismo puso el acento en la construcci\u00f3n de viviendas: \u201cHace a\u00f1os no se hacen en Necochea y s\u00ed en distritos vecinos como Lober\u00eda o Tandil, que tienen formas de hacer viviendas sin depender de la Provincia y lo vamos a implementar\u201d, como as\u00ed otro tipo de asfalto, \u201cm\u00e1s econ\u00f3mico para que las personas puedan acceder a trav\u00e9s del municipio\u201d.<\/p>\n<p>Finalmente dedic\u00f3 un p\u00e1rrafo al deporte, al anticipar que \u201charemos una propuesta innovadora en el \u00e1rea, en la que el municipio prestar\u00e1 ayuda a todos los deportistas amateur que pasan por actividades que no son remuneradas profesionalmente y vamos a implementar un plan de ayuda profesional para la preparaci\u00f3n de deportistas\u201d.<\/p>\n","protected":false},"excerpt":{"rendered":"<p>Con determinaci\u00f3n, uno de los precandidatos a intendente por la Uni\u00f3n C\u00edvica Radical dentro de la coalici\u00f3n Juntos, Walter Bravo, se mostr\u00f3 confiado de cara a las elecciones de este a\u00f1o y entusiasmado por el apoyo de dirigentes locales hist\u00f3ricos del centenario partido. En su visita a los estudios de \u201cVoces de la Ciudad\u201d, durante [&hellip;]<\/p>\n","protected":false},"author":3,"featured_media":99670,"comment_status":"closed","ping_status":"closed","sticky":false,"template":"","format":"standard","meta":{"footnotes":""},"categories":[3],"tags":[],"class_list":["post-99666","post","type-post","status-publish","format-standard","has-post-thumbnail","category-masnoticias"],"_links":{"self":[{"href":"https:\/\/primicias2262.com\/noticias\/wp-json\/wp\/v2\/posts\/99666","targetHints":{"allow":["GET"]}}],"collection":[{"href":"https:\/\/primicias2262.com\/noticias\/wp-json\/wp\/v2\/posts"}],"about":[{"href":"https:\/\/primicias2262.com\/noticias\/wp-json\/wp\/v2\/types\/post"}],"author":[{"embeddable":true,"href":"https:\/\/primicias2262.com\/noticias\/wp-json\/wp\/v2\/users\/3"}],"replies":[{"embeddable":true,"href":"https:\/\/primicias2262.com\/noticias\/wp-json\/wp\/v2\/comments?post=99666"}],"version-history":[{"count":0,"href":"https:\/\/primicias2262.com\/noticias\/wp-json\/wp\/v2\/posts\/99666\/revisions"}],"wp:attachment":[{"href":"https:\/\/primicias2262.com\/noticias\/wp-json\/wp\/v2\/media?parent=99666"}],"wp:term":[{"taxonomy":"category","embeddable":true,"href":"https:\/\/primicias2262.com\/noticias\/wp-json\/wp\/v2\/categories?post=99666"},{"taxonomy":"post_tag","embeddable":true,"href":"https:\/\/primicias2262.com\/noticias\/wp-json\/wp\/v2\/tags?post=99666"}],"curies":[{"name":"wp","href":"https:\/\/api.w.org\/{rel}","templated":true}]}}