{"id":99673,"date":"2023-04-29T11:10:34","date_gmt":"2023-04-29T14:10:34","guid":{"rendered":"https:\/\/primicias2262.com\/?p=99673"},"modified":"2023-04-29T11:10:34","modified_gmt":"2023-04-29T14:10:34","slug":"se-prorrogo-hasta-fines-de-agosto-la-moratoria-municipal-de-necochea","status":"publish","type":"post","link":"https:\/\/primicias2262.com\/noticias\/se-prorrogo-hasta-fines-de-agosto-la-moratoria-municipal-de-necochea\/","title":{"rendered":"Se prorrog\u00f3 hasta fines de agosto\u00a0la moratoria municipal de Necochea"},"content":{"rendered":"<p><strong>Lo contempla el decreto N\u00ba 1363\/23 por el cual se informa la extensi\u00f3n de este beneficio al 31 de agosto venidero. La norma permite acceder al plan de regularizaci\u00f3n tributaria comunal -estando al d\u00eda con las tasas, derechos y permisos del corriente 2023- para a los contribuyentes que observen deudas por este sentido al 31 de diciembre de 2022.\u00a0<\/strong><\/p>\n<p><strong>Por Jorge G\u00f3mez<\/strong><\/p>\n<p><a href=\"https:\/\/primicias2262.com\/wp-content\/uploads\/2021\/08\/Gomez.jpg\"><img loading=\"lazy\" decoding=\"async\" class=\"alignleft size-thumbnail wp-image-80409\" src=\"https:\/\/primicias2262.com\/wp-content\/uploads\/2021\/08\/Gomez-150x150.jpg\" alt=\"\" width=\"150\" height=\"150\" \/><\/a><\/p>\n<p>Con las firmas del intendente, doctor Arturo Rojas, y de la secretaria de Hacienda y Finanzas P\u00fablicas, contadora Graciela Mamelucco, se conocieron los alcances del decreto N\u00ba 1363\/23 por el cual se informa sobre la pr\u00f3rroga y por lo tanto la vigencia del denominado \u201cr\u00e9gimen de recuperaci\u00f3n de deudas y r\u00e9gimen de facilidades de pago\u201d para los contribuyentes morosos con la Municipalidad de Necochea, por deudas observadas en tasas, derechos y permisos hasta el 31 de diciembre de 2022.<\/p>\n<p>Entre las particularidades de la citada pr\u00f3rroga se establece que s\u00f3lo podr\u00e1n acceder a esta moratoria los que hayan cumplido con las obligaciones fiscales municipales de 2023, o sea que est\u00e9n al d\u00eda con el pago de los compromisos del presente ejercicio.<\/p>\n<p>La posibilidad de extender este beneficio lo prev\u00e9 la ordenanza aprobada oportunamente por el Concejo Deliberante en el art\u00edculo 20\u00ba que \u201cfaculta al Departamento Ejecutivo a prorrogar la vigencia\u201d de este plan, \u201ccomo as\u00ed tambi\u00e9n -se a\u00f1ade- a modificar y\/o ampliar los conceptos, los per\u00edodos exigibles y los requisitos para tal acogimiento\u201d.<\/p>\n<p><a href=\"https:\/\/primicias2262.com\/wp-content\/uploads\/2023\/04\/moratoria-prorroga-1-scaled.jpg\"><img loading=\"lazy\" decoding=\"async\" class=\"aligncenter size-full wp-image-99675\" src=\"https:\/\/primicias2262.com\/wp-content\/uploads\/2023\/04\/moratoria-prorroga-1-scaled.jpg\" alt=\"\" width=\"1669\" height=\"2560\" \/><\/a><a href=\"https:\/\/primicias2262.com\/wp-content\/uploads\/2023\/04\/moratoria-prorroga-2-scaled.jpg\"><img loading=\"lazy\" decoding=\"async\" class=\"aligncenter size-full wp-image-99676\" src=\"https:\/\/primicias2262.com\/wp-content\/uploads\/2023\/04\/moratoria-prorroga-2-scaled.jpg\" alt=\"\" width=\"1917\" height=\"2560\" \/><\/a><\/p>\n","protected":false},"excerpt":{"rendered":"<p>Lo contempla el decreto N\u00ba 1363\/23 por el cual se informa la extensi\u00f3n de este beneficio al 31 de agosto venidero. La norma permite acceder al plan de regularizaci\u00f3n tributaria comunal -estando al d\u00eda con las tasas, derechos y permisos del corriente 2023- para a los contribuyentes que observen deudas por este sentido al 31 [&hellip;]<\/p>\n","protected":false},"author":3,"featured_media":95585,"comment_status":"closed","ping_status":"closed","sticky":false,"template":"","format":"standard","meta":{"footnotes":""},"categories":[3],"tags":[],"class_list":["post-99673","post","type-post","status-publish","format-standard","has-post-thumbnail","category-masnoticias"],"_links":{"self":[{"href":"https:\/\/primicias2262.com\/noticias\/wp-json\/wp\/v2\/posts\/99673","targetHints":{"allow":["GET"]}}],"collection":[{"href":"https:\/\/primicias2262.com\/noticias\/wp-json\/wp\/v2\/posts"}],"about":[{"href":"https:\/\/primicias2262.com\/noticias\/wp-json\/wp\/v2\/types\/post"}],"author":[{"embeddable":true,"href":"https:\/\/primicias2262.com\/noticias\/wp-json\/wp\/v2\/users\/3"}],"replies":[{"embeddable":true,"href":"https:\/\/primicias2262.com\/noticias\/wp-json\/wp\/v2\/comments?post=99673"}],"version-history":[{"count":0,"href":"https:\/\/primicias2262.com\/noticias\/wp-json\/wp\/v2\/posts\/99673\/revisions"}],"wp:attachment":[{"href":"https:\/\/primicias2262.com\/noticias\/wp-json\/wp\/v2\/media?parent=99673"}],"wp:term":[{"taxonomy":"category","embeddable":true,"href":"https:\/\/primicias2262.com\/noticias\/wp-json\/wp\/v2\/categories?post=99673"},{"taxonomy":"post_tag","embeddable":true,"href":"https:\/\/primicias2262.com\/noticias\/wp-json\/wp\/v2\/tags?post=99673"}],"curies":[{"name":"wp","href":"https:\/\/api.w.org\/{rel}","templated":true}]}}