{"id":99679,"date":"2023-04-29T11:14:00","date_gmt":"2023-04-29T14:14:00","guid":{"rendered":"https:\/\/primicias2262.com\/?p=99679"},"modified":"2023-04-29T11:14:00","modified_gmt":"2023-04-29T14:14:00","slug":"la-upc-de-necochea-ordeno-su-deuda-con-la-cammesa","status":"publish","type":"post","link":"https:\/\/primicias2262.com\/noticias\/la-upc-de-necochea-ordeno-su-deuda-con-la-cammesa\/","title":{"rendered":"La UPC de Necochea orden\u00f3 su deuda con la CAMMESA"},"content":{"rendered":"<p><strong>Lo hizo junto a otras cuatro cooperativas del interior bonaerense. La Usina Popular Cooperativa Sebasti\u00e1n de Mar\u00eda, representada por su presidenta, Pilar Vitale, suscribi\u00f3 esta moratoria en aras de atender el pasivo que mantiene con la citada empresa mayorista, con n\u00fameros cerrados a fines de diciembre de 2022. El plan de pagos se extiende a un lapso de 8 a\u00f1os, o sea a cancelar la deuda en 96 cuotas.<\/strong><\/p>\n<p><strong>Por Jorge G\u00f3mez<\/strong><\/p>\n<p><a href=\"https:\/\/primicias2262.com\/wp-content\/uploads\/2021\/08\/Gomez.jpg\"><img loading=\"lazy\" decoding=\"async\" class=\"alignleft size-thumbnail wp-image-80409\" src=\"https:\/\/primicias2262.com\/wp-content\/uploads\/2021\/08\/Gomez-150x150.jpg\" alt=\"\" width=\"150\" height=\"150\" \/><\/a>La Secretar\u00eda de Energ\u00eda de la Naci\u00f3n firm\u00f3 este pasado jueves, nuevos convenios para la regularizaci\u00f3n de deuda con las distribuidoras de energ\u00eda el\u00e9ctrica con la empresa mayorista del mercado el\u00e9ctrico, CAMMESA. Parte del informe y datos volcados en esta cr\u00f3nica se encuentra se\u00f1alado en el portal Infocielo, con pormenores del acto.<\/p>\n<p>En este plan est\u00e1n comprendidas cooperativas el\u00e9ctricas de Necochea, Chacabuco, Luj\u00e1n, Olavarr\u00eda y San Pedro, todas del interior de la Provincia de Buenos Aires e integrantes de la Federaci\u00f3n de Cooperativas de Prestadores El\u00e9ctricos de la Provincia de Buenos Aires Ltda (APEBA).<\/p>\n<p>La CAMMESA es la Compa\u00f1\u00eda Administradora del Mercado Mayorista El\u00e9ctrico Sociedad An\u00f3nima que opera en nuestro pa\u00eds.<\/p>\n<p>El acto de firma de los mencionados convenios fue encabezado por la secretaria de Energ\u00eda de la Naci\u00f3n, Flavia Roy\u00f3n, y tambi\u00e9n estuvieron presentes la subsecretaria de Coordinaci\u00f3n Institucional de Energ\u00eda, Florencia \u00c1lvarez Travieso, junto a representantes de las cooperativas y funcionarios.<\/p>\n<p>La comitiva de la UPC de Necochea estuvo encabezada por la presidenta del consejo de administraci\u00f3n de la concesionaria el\u00e9ctrica, Pilar Vitale, acompa\u00f1ada por el gerente de Personal, doctor Alejandro Issin.<\/p>\n<p><a href=\"https:\/\/primicias2262.com\/wp-content\/uploads\/2023\/04\/UPC-firma.jpg\"><img loading=\"lazy\" decoding=\"async\" class=\"aligncenter size-full wp-image-99772\" src=\"https:\/\/primicias2262.com\/wp-content\/uploads\/2023\/04\/UPC-firma.jpg\" alt=\"\" width=\"1600\" height=\"1067\" \/><\/a>Al acceder a esta moratoria, la Usina de Necochea estar\u00eda ordenando -en un plan de pagos- el pasivo que mantiene con la CAMMESA por m\u00e1s de mil millones de pesos, deuda que -se reitera- se cancelar\u00e1, a consecuencia de este acuerdo, en el lapso de 8 a\u00f1os.<\/p>\n<p>La firma de los respectivos convenios se concret\u00f3 en el marco de las condiciones establecidas por el art\u00edculo 87 de la Ley 27.591 del Presupuesto General de la Administraci\u00f3n Nacional y del DNU N\u00ba 88.<\/p>\n<p>Estas normativas, seg\u00fan se conoce, \u201cfijan tasas diferenciales y una moratoria de hasta 96 cuotas para resolver el estado de deuda que las empresas de distribuci\u00f3n mantuvieran hasta el 31 de diciembre de 2022\u201d, de acuerdo a lo que explicaron desde una de las entidades que rubric\u00f3 el acuerdo para renegociar sus deudas.<\/p>\n<p>En ese marco, afirmaron que la deuda de las distribuidoras del interior bonaerense \u201cdeviene de un contexto inflacionario en el que las tarifas permanecieron congeladas durante varios a\u00f1os, situaci\u00f3n que posteriormente result\u00f3 agravada por la pandemia y la falta de actualizaci\u00f3n del Valor Agregado de Distribuci\u00f3n\u201d, consideraron.<\/p>\n","protected":false},"excerpt":{"rendered":"<p>Lo hizo junto a otras cuatro cooperativas del interior bonaerense. La Usina Popular Cooperativa Sebasti\u00e1n de Mar\u00eda, representada por su presidenta, Pilar Vitale, suscribi\u00f3 esta moratoria en aras de atender el pasivo que mantiene con la citada empresa mayorista, con n\u00fameros cerrados a fines de diciembre de 2022. El plan de pagos se extiende a [&hellip;]<\/p>\n","protected":false},"author":3,"featured_media":99677,"comment_status":"closed","ping_status":"closed","sticky":false,"template":"","format":"standard","meta":{"footnotes":""},"categories":[3],"tags":[],"class_list":["post-99679","post","type-post","status-publish","format-standard","has-post-thumbnail","category-masnoticias"],"_links":{"self":[{"href":"https:\/\/primicias2262.com\/noticias\/wp-json\/wp\/v2\/posts\/99679","targetHints":{"allow":["GET"]}}],"collection":[{"href":"https:\/\/primicias2262.com\/noticias\/wp-json\/wp\/v2\/posts"}],"about":[{"href":"https:\/\/primicias2262.com\/noticias\/wp-json\/wp\/v2\/types\/post"}],"author":[{"embeddable":true,"href":"https:\/\/primicias2262.com\/noticias\/wp-json\/wp\/v2\/users\/3"}],"replies":[{"embeddable":true,"href":"https:\/\/primicias2262.com\/noticias\/wp-json\/wp\/v2\/comments?post=99679"}],"version-history":[{"count":0,"href":"https:\/\/primicias2262.com\/noticias\/wp-json\/wp\/v2\/posts\/99679\/revisions"}],"wp:attachment":[{"href":"https:\/\/primicias2262.com\/noticias\/wp-json\/wp\/v2\/media?parent=99679"}],"wp:term":[{"taxonomy":"category","embeddable":true,"href":"https:\/\/primicias2262.com\/noticias\/wp-json\/wp\/v2\/categories?post=99679"},{"taxonomy":"post_tag","embeddable":true,"href":"https:\/\/primicias2262.com\/noticias\/wp-json\/wp\/v2\/tags?post=99679"}],"curies":[{"name":"wp","href":"https:\/\/api.w.org\/{rel}","templated":true}]}}