{"id":99690,"date":"2023-05-01T15:00:03","date_gmt":"2023-05-01T18:00:03","guid":{"rendered":"https:\/\/primicias2262.com\/?p=99690"},"modified":"2023-05-01T15:00:03","modified_gmt":"2023-05-01T18:00:03","slug":"acto-por-el-dia-del-trabajador-hay-que-estar-en-permanente-lucha-sin-bajar-los-brazos","status":"publish","type":"post","link":"https:\/\/primicias2262.com\/noticias\/acto-por-el-dia-del-trabajador-hay-que-estar-en-permanente-lucha-sin-bajar-los-brazos\/","title":{"rendered":"Acto por el D\u00eda del Trabajador: \u201cHay que estar en permanente lucha, sin bajar los brazos\u201d"},"content":{"rendered":"<p><strong>Con la presencia de funcionarios, dirigentes gremiales y trabajadores municipales, se llev\u00f3 adelante en la ma\u00f1ana de este lunes 1\u00b0de Mayo, el acto protocolar para conmemorar el D\u00eda Internacional del Trabajo.<\/strong><\/p>\n<p>\u201cHoy es un d\u00eda especial para todos los trabajadores y trabajadoras; sabemos lo que ha significado a la largo de la historia de nuestro pa\u00eds la conquista de los derechos de los trabajadores y que, a lo largo del tiempo, hay que estar permanente en lucha, con una actitud responsable, pero sin bajar los brazos, para conseguir los derechos que se merecen cada uno\u201d sostuvo el intendente al inicio de su discurso, para abrir un p\u00e1rrafo en reconocimiento a quienes fueron declarados esenciales durante la pandemia del Covid.<\/p>\n<p>En ese sentido, expres\u00f3 su \u201cagradecimiento de coraz\u00f3n y profundo por todos los trabajadores y trabajadoras que durante la pandemia le pusieron el cuerpo en muchas de las actividades que se declararon esenciales y que debieron estar ante un virus desconocido trabajando y haciendo que funcionara nuestro pa\u00eds, nuestra provincia y nuestra querida Necochea, mientras se intentaba fortalecer nuestro sistema de salud y ver c\u00f3mo hac\u00edamos para cuidar a cada uno de los vecinos en un acontecimiento tan dif\u00edcil como fue la pandemia\u201d.<\/p>\n<p><a href=\"https:\/\/primicias2262.com\/wp-content\/uploads\/2023\/05\/01-05-23-Dia-del-Trabajador2.jpg\"><img loading=\"lazy\" decoding=\"async\" class=\"aligncenter size-full wp-image-99692\" src=\"https:\/\/primicias2262.com\/wp-content\/uploads\/2023\/05\/01-05-23-Dia-del-Trabajador2.jpg\" alt=\"\" width=\"1600\" height=\"1066\" \/><\/a><\/p>\n<p>En ese marco, el intendente asegur\u00f3 que \u201cno hay forma de salir adelante y lograr los objetivos sino se hace en conjunto con los trabajadores. Uno puede armar el mejor equipo de gobierno con todo el esfuerzo, el compromiso y la idoneidad para levantar una ciudad, pero, sin el esfuerzo y el compromiso de los trabajadores es absolutamente imposible\u201d indic\u00f3, para agradecer tambi\u00e9n a todos los trabajadores y trabajadoras municipales que \u201cen estos casi tres a\u00f1os y medio han puesto el cuerpo y porque ellos tambi\u00e9n son parte de los avances que estamos teniendo en nuestra ciudad\u201d.<\/p>\n<p>\u201cNuestro desaf\u00edo es abrir las puertas a cada emprendimiento, acompa\u00f1ar las peque\u00f1as y medianas empresas que generen peque\u00f1os puestos de trabajo, y generar las condiciones para la radicaci\u00f3n de empresas en nuestra ciudad\u201d se\u00f1al\u00f3, al tiempo que adelant\u00f3 que, en breve se estar\u00e1 formalizando un importante anuncio sobre una industria que viene a radicarse a Necochea.<\/p>\n<p>Para terminar, el intendente Rojas reiter\u00f3 que \u201cmi despacho, el de mis funcionarios y el de todos los trabajadores de nuestro municipio, est\u00e1n a disposici\u00f3n de la comunidad. Los desaf\u00edos que tenemos por delante son muchos, hemos logrado de a poco poner un municipio de pie con m\u00e1s servicios y m\u00e1s obras, pero todav\u00eda nos queda un largo camino por recorrer y la forma de hacer que esta ciudad tengas m\u00e1s oportunidades y que genere mas trabajo en un distrito que tiene much\u00edsimas posibilidades de crecimiento y de desarrollo, es en conjunto\u201d.<\/p>\n<p><strong>El agradecimiento de los trabajadores<\/strong><\/p>\n<p>Previamente, y en representaci\u00f3n del Sindicato de Trabajadores Municipales, habl\u00f3 el ex intendente Jos\u00e9 Luis Vidal, quien durante su discurso pidi\u00f3 tomarse una licencia para \u201cagradecer y reconocer el orden que se ha impuesto en la municipalidad y que a los trabajadores nos ha dado la posibilidad de organizarnos, m\u00e1s all\u00e1 de la situaci\u00f3n econ\u00f3mica en general\u201d.<\/p>\n<p>Vidal resalt\u00f3 que \u201cdese hac\u00eda mucho tiempo, y hace 31 a\u00f1os que soy empleado municipal, no hab\u00edamos tenido la posibilidad de saber que vamos a cobrar el \u00faltimo d\u00eda h\u00e1bil de cada mes y nuestras horas extras los d\u00edas 15 indefectiblemente\u201d. Adem\u00e1s, admiti\u00f3 que, si bien \u201cnuestros salarios son chicos, hemos tenido la posibilidad de discutir paritarias de igual a igual y, en estos a\u00f1os tan dif\u00edciles, por lo menos vamos empatando con la inflaci\u00f3n\u201d.<\/p>\n<p>\u201cEso no podemos dejar de reconocerlo los trabajadores, y lo hemos conseguido en estos cuatro a\u00f1os de gobierno de Arturo Rojas, aun con una situaci\u00f3n econ\u00f3mica nacional que ha sido muy desfavorable\u201d remarc\u00f3, al tiempo que anhel\u00f3 a \u201cque este a\u00f1o, podamos tener una paritaria en alza, que le ganemos a la inflaci\u00f3n y que podamos recuperar algunos de los puntos que perdimos en los cuatro a\u00f1os de gobierno de Macri, donde ac\u00e1 gobernaba un intendente que hizo un desastre con nuestra econom\u00eda y con nuestros salarios\u201d.<\/p>\n<p><strong>Dignidad, responsabilidad y honestidad<\/strong><\/p>\n<p>Por su parte, el presidente del Concejo Deliberante, Guillermo S\u00e1nchez, pidi\u00f3 seguir cuidando el legado de lucha que nos dejaron los trabajadores e hizo hincapi\u00e9 en tres puntos.<\/p>\n\n<p>La dignidad del salario y respeto al trabajador, en primero lugar, considerando que \u201ccada uno, de nuestro lugar, tenemos que cuidar y devolverles la dignidad a los trabajadores\u201d.<\/p>\n<p>La responsabilidad, \u201cporque hay mucha gente sin trabajo y esto nos obliga a cuidarlo y actuar con responsabilidad pensando siempre en el que est\u00e1 al lado\u201d y la honestidad: \u201cdebemos ser honestos siempre, con el trabajo, con el compa\u00f1ero que trabaja al lado nuestro y con los que nos dan el trabajo\u201d.<\/p>\n<p>\u201cCon dignidad, responsabilidad y honestidad vamos a salir adelante, vamos a seguir creciendo y vamos a ser una ciudad mucho mejor\u201d sentenci\u00f3 el presidente del cuerpo legislativo.<\/p>\n","protected":false},"excerpt":{"rendered":"<p>Con la presencia de funcionarios, dirigentes gremiales y trabajadores municipales, se llev\u00f3 adelante en la ma\u00f1ana de este lunes 1\u00b0de Mayo, el acto protocolar para conmemorar el D\u00eda Internacional del Trabajo. \u201cHoy es un d\u00eda especial para todos los trabajadores y trabajadoras; sabemos lo que ha significado a la largo de la historia de nuestro [&hellip;]<\/p>\n","protected":false},"author":3,"featured_media":99691,"comment_status":"closed","ping_status":"closed","sticky":false,"template":"","format":"standard","meta":{"footnotes":""},"categories":[3],"tags":[],"class_list":["post-99690","post","type-post","status-publish","format-standard","has-post-thumbnail","category-masnoticias"],"_links":{"self":[{"href":"https:\/\/primicias2262.com\/noticias\/wp-json\/wp\/v2\/posts\/99690","targetHints":{"allow":["GET"]}}],"collection":[{"href":"https:\/\/primicias2262.com\/noticias\/wp-json\/wp\/v2\/posts"}],"about":[{"href":"https:\/\/primicias2262.com\/noticias\/wp-json\/wp\/v2\/types\/post"}],"author":[{"embeddable":true,"href":"https:\/\/primicias2262.com\/noticias\/wp-json\/wp\/v2\/users\/3"}],"replies":[{"embeddable":true,"href":"https:\/\/primicias2262.com\/noticias\/wp-json\/wp\/v2\/comments?post=99690"}],"version-history":[{"count":0,"href":"https:\/\/primicias2262.com\/noticias\/wp-json\/wp\/v2\/posts\/99690\/revisions"}],"wp:attachment":[{"href":"https:\/\/primicias2262.com\/noticias\/wp-json\/wp\/v2\/media?parent=99690"}],"wp:term":[{"taxonomy":"category","embeddable":true,"href":"https:\/\/primicias2262.com\/noticias\/wp-json\/wp\/v2\/categories?post=99690"},{"taxonomy":"post_tag","embeddable":true,"href":"https:\/\/primicias2262.com\/noticias\/wp-json\/wp\/v2\/tags?post=99690"}],"curies":[{"name":"wp","href":"https:\/\/api.w.org\/{rel}","templated":true}]}}