{"id":99706,"date":"2023-05-02T13:13:05","date_gmt":"2023-05-02T16:13:05","guid":{"rendered":"https:\/\/primicias2262.com\/?p=99706"},"modified":"2023-05-02T13:13:05","modified_gmt":"2023-05-02T16:13:05","slug":"llego-una-nueva-tanda-de-vacunas-antigripales-para-afiliados-pami","status":"publish","type":"post","link":"https:\/\/primicias2262.com\/noticias\/llego-una-nueva-tanda-de-vacunas-antigripales-para-afiliados-pami\/","title":{"rendered":"Lleg\u00f3 una nueva tanda de vacunas antigripales para afiliados PAMI"},"content":{"rendered":"<p><strong>As\u00ed lo confirm\u00f3 el farmac\u00e9utico local, Mart\u00edn Zum\u00e1rraga, durante una comunicaci\u00f3n telef\u00f3nica en \u201cVoces de la Ciudad\u201d.<\/strong><\/p>\n<p>El profesional especific\u00f3 en di\u00e1logo con Hugo Arroyo que \u201cdesde el s\u00e1bado las farmacias de Necochea adheridas a la campa\u00f1a de vacunaci\u00f3n PAMI hemos recibido la segunda tanda de vacunas para continuar con la campa\u00f1a, as\u00ed que entre 10 y 12 farmacias de Necochea y Quequ\u00e9n y otras dos de La Dulce cuentan con dosis\u201d.<\/p>\n<p>De esta manera, se retom\u00f3 la campa\u00f1a de vacunaci\u00f3n para todos aquellos afiliados a PAMI que no se han vacunado todav\u00eda. Cabe aclarar que son vacunas para mayores de 65 a\u00f1os, quienes deben concurrir con el DNI y carnet de PAMI, aunque no necesitan una orden m\u00e9dica.<\/p>\n<p>\u201cSolo hemos recibido vacunas para mayores de 65 a\u00f1os y la campa\u00f1a de vacunaci\u00f3n antigripal para afiliados PAMI es totalmente gratuita\u201d, ratific\u00f3 Zum\u00e1rraga, recordando que \u201cdurante las semanas anteriores que no hab\u00edamos recibido dosis las farmacias, ten\u00edamos la opci\u00f3n para el que quer\u00eda vacunarse en el momento de pedir una orden m\u00e9dica al doctor de cabecera de PAMI y abonaba una diferencia con descuento, alrededor de 1500 pesos, y se aplicaban las vacunas\u201d.<\/p>\n<p>Asimismo, apunt\u00f3 que \u201cabril fue un mes de buen clima con d\u00edas c\u00e1lidos y por lo tanto la demanda de vacunaci\u00f3n no fue tanta, as\u00ed de privados como de PAMI, y calculamos que en mayo va a haber mucho m\u00e1s demanda porque comienzan los primeros fr\u00edos y la gente se acerca a vacunarse\u201d.<\/p>\n<p>En el cierre de la comunicaci\u00f3n, el integrante del Colegio de Farmac\u00e9uticos local reiter\u00f3 que \u201csi quieren acercarse a las farmacias los afiliados de PAMI pueden hacerlo hoy y durante esta semana se va a continuar\u2026 si hay una alta demanda entre ma\u00f1ana y el jueves no habr\u00e1 m\u00e1s dosis, pero si la demanda es sostenida y tranquila toda esta semana estaremos vacunando\u201d.<\/p>\n","protected":false},"excerpt":{"rendered":"<p>As\u00ed lo confirm\u00f3 el farmac\u00e9utico local, Mart\u00edn Zum\u00e1rraga, durante una comunicaci\u00f3n telef\u00f3nica en \u201cVoces de la Ciudad\u201d. El profesional especific\u00f3 en di\u00e1logo con Hugo Arroyo que \u201cdesde el s\u00e1bado las farmacias de Necochea adheridas a la campa\u00f1a de vacunaci\u00f3n PAMI hemos recibido la segunda tanda de vacunas para continuar con la campa\u00f1a, as\u00ed que entre [&hellip;]<\/p>\n","protected":false},"author":3,"featured_media":75739,"comment_status":"closed","ping_status":"closed","sticky":false,"template":"","format":"standard","meta":{"footnotes":""},"categories":[3],"tags":[],"class_list":["post-99706","post","type-post","status-publish","format-standard","has-post-thumbnail","category-masnoticias"],"_links":{"self":[{"href":"https:\/\/primicias2262.com\/noticias\/wp-json\/wp\/v2\/posts\/99706","targetHints":{"allow":["GET"]}}],"collection":[{"href":"https:\/\/primicias2262.com\/noticias\/wp-json\/wp\/v2\/posts"}],"about":[{"href":"https:\/\/primicias2262.com\/noticias\/wp-json\/wp\/v2\/types\/post"}],"author":[{"embeddable":true,"href":"https:\/\/primicias2262.com\/noticias\/wp-json\/wp\/v2\/users\/3"}],"replies":[{"embeddable":true,"href":"https:\/\/primicias2262.com\/noticias\/wp-json\/wp\/v2\/comments?post=99706"}],"version-history":[{"count":0,"href":"https:\/\/primicias2262.com\/noticias\/wp-json\/wp\/v2\/posts\/99706\/revisions"}],"wp:attachment":[{"href":"https:\/\/primicias2262.com\/noticias\/wp-json\/wp\/v2\/media?parent=99706"}],"wp:term":[{"taxonomy":"category","embeddable":true,"href":"https:\/\/primicias2262.com\/noticias\/wp-json\/wp\/v2\/categories?post=99706"},{"taxonomy":"post_tag","embeddable":true,"href":"https:\/\/primicias2262.com\/noticias\/wp-json\/wp\/v2\/tags?post=99706"}],"curies":[{"name":"wp","href":"https:\/\/api.w.org\/{rel}","templated":true}]}}