{"id":99709,"date":"2023-05-02T14:21:21","date_gmt":"2023-05-02T17:21:21","guid":{"rendered":"https:\/\/primicias2262.com\/?p=99709"},"modified":"2023-05-02T14:21:21","modified_gmt":"2023-05-02T17:21:21","slug":"la-sociedad-de-necochea-esta-buscando-vivir-un-poco-mejor-y-con-cierta-previsibilidad","status":"publish","type":"post","link":"https:\/\/primicias2262.com\/noticias\/la-sociedad-de-necochea-esta-buscando-vivir-un-poco-mejor-y-con-cierta-previsibilidad\/","title":{"rendered":"\u201cLa sociedad de Necochea est\u00e1 buscando vivir un poco mejor y con cierta previsibilidad\u201d"},"content":{"rendered":"<p><strong>As\u00ed lo indic\u00f3 en \u201cVoces de la Ciudad\u201d el precandidato a intendente por la Uni\u00f3n C\u00edvica Radical dentro de Juntos, Dami\u00e1n Unibaso, quien cree necesario darle un ordenamiento al crecimiento actual y manifest\u00f3 que urge tener una previsibilidad \u201cque nos permita dejar de padecer el basurero a cielo abierto que tenemos, las ruinas del casino frente a la playa y que podemos instalarnos en Necochea nosotros y las futuras generaciones con una vida digna\u201d. \u00a0\u00a0<\/strong><\/p>\n<p>En di\u00e1logo con el periodista Hugo Arroyo, el joven dirigente radical valor\u00f3 antes que nada que \u201cen la UCR el 24 de abril se tom\u00f3 una definici\u00f3n importante que tiene que ver con la conducci\u00f3n actual (encabezado por Carola Bertoldi), que se viene abriendo al di\u00e1logo y a prestar atenci\u00f3n a distintas propuestas que hemos ido acercando quienes no nos toc\u00f3 conducir\u201d, y en ese aspecto \u201cse solicit\u00f3 que se avanzara con una estrategia de cara a las elecciones PASO de agosto desde el Comit\u00e9 por unanimidad, lo cual no pasaba hace mucho tiempo\u201d.<\/p>\n<p>Por ende, \u201cse decidi\u00f3 ir a competir a esas PASO, con una propuesta superadora y radical que le llegue al vecino dentro de Juntos\u201d, se\u00f1al\u00f3 a diferencia de hace dos a\u00f1os atr\u00e1s: \u201cEn 2021 nos disgregamos y por eso creo en la importancia de la decisi\u00f3n tomada el pasado 24 de abril, cuando el Comit\u00e9 dijo de llegar con una \u00fanica propuesta radical a las PASO\u201d, insisti\u00f3, \u201clo que no quita que no vayamos a tener un buen entendimiento con nuestros socios dentro de Juntos, ya sea con la gente del PRO o la Coalici\u00f3n C\u00edvica\u201d.<\/p>\n<p>Dicho eso, Unibaso fue a los bifes desde lo personal y observ\u00f3 que \u201cla sociedad de Necochea est\u00e1 buscando vivir un poco mejor, tener cierta previsibilidad hacia d\u00f3nde va el gobierno necochense, ser atendidos cuando nos golpean los flagelos nacionales como la inseguridad y la econom\u00eda, cuando vemos en municipios de alrededores que s\u00ed encuentran una oficina y un \u00e1rea de Producci\u00f3n propuesta y predispuesta para canalizar emprendimientos, una promoci\u00f3n del turismo clara como en Tandil, que el municipio est\u00e1 ordenado, tiene datos y sabe hacia d\u00f3nde ir, y eso es lo que pretendemos que el ciudadano y ciudadana de Necochea vea en nuestra oferta electoral\u201d.<\/p>\n<p>Avisando que \u201csi acumulamos vertientes pol\u00edticas solo para acceder al poder p\u00fablico y ganar elecciones, lastimosamente estamos condenados al fracaso\u201d, el expresidente del Comit\u00e9 Emiliano Ab\u00e1solo enfatiz\u00f3 que hace falta abordar los temas con la profundidad que requieren. \u201cEse Estado-c\u00e9ntrico que nos trajo la posmodernidad hoy necesita de complementaciones, como la tecnolog\u00eda, que vino para quedarse, o la globalizaci\u00f3n, que es un hecho y las fronteras se van terminando de esa forma estanca como estaban pensadas antes. Ahora se requiere de cierta pluralidad que a veces los pol\u00edticos no est\u00e1n dispuestos a ceder\u201d.<\/p>\n<p>En ese contexto, propuso Unibaso que \u201cyo quiero que pensemos una Necochea con progreso, encaminada en el desarrollo, que sepa qu\u00e9 pretende de la producci\u00f3n agroexportadora como del turismo y que le d\u00e9 cobijo a miles de estudiantes que terminan la secundaria y lamentablemente tienen que emigrar para buscar una educaci\u00f3n de grado o ponerse a trabajar en una ciudad que hoy no da perspectiva\u201d.<\/p>\n<p>Consultado sobre cierto orden que logr\u00f3 la ciudad con la gesti\u00f3n de Arturo Rojas, no se mostr\u00f3 del todo convencido: \u201cVen\u00edamos con una vara baj\u00edsima, pago de los sueldos en siete cuotas y un caos administrativo total. La administraci\u00f3n actual est\u00e1 haciendo lo que hay que hacer, ni m\u00e1s ni menos, pero yo lo que propongo es ordenar ese crecimiento. Si estamos viendo como Tandil, Mar del Plata, Tres Arroyos e incluso Balcarce y Lober\u00eda est\u00e1n recepcionando a industrias en sus propios parques industriales, yo me pregunto y le pregunto a la gente si sabe si Necochea tiene datos ciertos para mejorar ese Sector Industrial Planificado que qued\u00f3 trunco y cuya \u00faltima base de datos es de 2006, cuando se llev\u00f3 a cabo el Plan Urbano Ambiental\u201d.<\/p>\n<p>\u201cHay que generar consensos suficientes para plantar base, y hay que avanzar en ordenar ese crecimiento\u201d, insisti\u00f3, para complementar que \u201cla administraci\u00f3n actual logr\u00f3 un salto de calidad en el d\u00eda a d\u00eda o en las cuentas corrientes, ahora, en la transparencia, en c\u00f3mo se lleg\u00f3 o c\u00f3mo se va a proyectar lo que viene, poco sabemos\u201d. Por ejemplo, cuestion\u00f3 el rol del Ente Vial actual: \u201cC\u00f3mo podemos lograr un proyecto superador, cuando pensemos en no desmantelar el Ente Vial Rural para supuestamente recuperar las calles de Necochea, que siguen llenas de pozos, y mientras los productores que tienen que sacar su producci\u00f3n se encuentran que los caminos rurales siguen padeciendo aquello que ven\u00eda a solucionar el ente\u201d, se pregunt\u00f3 y respondi\u00f3 de manera instant\u00e1nea.<\/p>\n<p>Finalmente, Dami\u00e1n se\u00f1al\u00f3 que \u201cNecochea tiene que ser pr\u00f3spera y desarrollarse por encima de cualquier partido pol\u00edtico\u201d, y en ese sentido tambi\u00e9n dej\u00f3 definiciones sobre la Agrupaci\u00f3n Comunal Transformadora y el oficialismo que encarna Nueva Necochea.<\/p>\n<p>\u201cLa ACT tiene sus propias autoridades y definir\u00e1 su propia estrategia pol\u00edtica, creer que desde la Uni\u00f3n C\u00edvica Radical podemos digitar a otro partido pol\u00edtico hablar\u00eda de ingenuos de parte nuestra y de quererse meter en la interna de los otros por la otra parte\u201d, refiri\u00f3 primeramente, mientras que del partido que conduce Rojas pronunci\u00f3 que \u201cser\u00eda bueno que termine definiendo d\u00f3nde est\u00e1, aunque al parecer est\u00e1 fuera de Juntos porque eso demostr\u00f3 el Intendente una vez que asumi\u00f3 al gobierno, r\u00e1pidamente cerr\u00f3 la puerta a ese frente pol\u00edtico y entr\u00f3 a coquetear incluso con el Frente de Todos, pero hoy se autodefine como vecinalismo\u201d.<\/p>\n<p>\u201cEn nuestro caso somos parte de un partido nacional como la UCR dentro de Juntos por el Cambio, y hay objetivos que est\u00e1n m\u00e1s all\u00e1 del municipio de Necochea, que tiene que ver con terminar con el avasallamiento de las instituciones que nos viene proponiendo el kirchnerismo, terminar con la mentira del relato que promet\u00eda que iban a poner Argentina de pie, que iban a invertir en educaci\u00f3n y producci\u00f3n y vemos que cada vez cuesta m\u00e1s todo. Vemos c\u00f3mo crecen la inseguridad y el narcotr\u00e1fico\u201d, concluy\u00f3.<\/p>\n","protected":false},"excerpt":{"rendered":"<p>As\u00ed lo indic\u00f3 en \u201cVoces de la Ciudad\u201d el precandidato a intendente por la Uni\u00f3n C\u00edvica Radical dentro de Juntos, Dami\u00e1n Unibaso, quien cree necesario darle un ordenamiento al crecimiento actual y manifest\u00f3 que urge tener una previsibilidad \u201cque nos permita dejar de padecer el basurero a cielo abierto que tenemos, las ruinas del casino [&hellip;]<\/p>\n","protected":false},"author":3,"featured_media":77996,"comment_status":"closed","ping_status":"closed","sticky":false,"template":"","format":"standard","meta":{"footnotes":""},"categories":[3],"tags":[],"class_list":["post-99709","post","type-post","status-publish","format-standard","has-post-thumbnail","category-masnoticias"],"_links":{"self":[{"href":"https:\/\/primicias2262.com\/noticias\/wp-json\/wp\/v2\/posts\/99709","targetHints":{"allow":["GET"]}}],"collection":[{"href":"https:\/\/primicias2262.com\/noticias\/wp-json\/wp\/v2\/posts"}],"about":[{"href":"https:\/\/primicias2262.com\/noticias\/wp-json\/wp\/v2\/types\/post"}],"author":[{"embeddable":true,"href":"https:\/\/primicias2262.com\/noticias\/wp-json\/wp\/v2\/users\/3"}],"replies":[{"embeddable":true,"href":"https:\/\/primicias2262.com\/noticias\/wp-json\/wp\/v2\/comments?post=99709"}],"version-history":[{"count":0,"href":"https:\/\/primicias2262.com\/noticias\/wp-json\/wp\/v2\/posts\/99709\/revisions"}],"wp:attachment":[{"href":"https:\/\/primicias2262.com\/noticias\/wp-json\/wp\/v2\/media?parent=99709"}],"wp:term":[{"taxonomy":"category","embeddable":true,"href":"https:\/\/primicias2262.com\/noticias\/wp-json\/wp\/v2\/categories?post=99709"},{"taxonomy":"post_tag","embeddable":true,"href":"https:\/\/primicias2262.com\/noticias\/wp-json\/wp\/v2\/tags?post=99709"}],"curies":[{"name":"wp","href":"https:\/\/api.w.org\/{rel}","templated":true}]}}