{"id":99711,"date":"2023-05-02T14:23:49","date_gmt":"2023-05-02T17:23:49","guid":{"rendered":"https:\/\/primicias2262.com\/?p=99711"},"modified":"2023-05-02T14:23:49","modified_gmt":"2023-05-02T17:23:49","slug":"se-desarrollo-el-primer-encuentro-de-uatre-delegacion-necochea","status":"publish","type":"post","link":"https:\/\/primicias2262.com\/noticias\/se-desarrollo-el-primer-encuentro-de-uatre-delegacion-necochea\/","title":{"rendered":"Se desarroll\u00f3 el primer encuentro de UATRE Delegaci\u00f3n Necochea"},"content":{"rendered":"<p><strong>La mesa coordinadora de la Provincia de Buenos Aires, integrada por los compa\u00f1eros Cecilio Salazar, Cristian Ayala, Ariel Piangatelli y Natalia S\u00e1nchez Jauregui, realiz\u00f3 el primer encuentro con la UATRE Delegaci\u00f3n Necochea.<\/strong><\/p>\n<p>En la reuni\u00f3n estuvieron presentes los compa\u00f1eros Delegado Garc\u00eda y Subdelegado Danuncio, quienes recibieron de los primeros, el mensaje de Unidad y profundizaci\u00f3n de la pol\u00edtica de buena administraci\u00f3n y ampliaci\u00f3n de derechos, que viene explicitando el Secretario General, compa\u00f1ero Jos\u00e9 Voytenco.<\/p>\n<p>Los compa\u00f1eros Delegado y Subdelegado manifestaron su total apoyo al flamante Secretario General electo, Jos\u00e9 Voytenco, as\u00ed como a la citada mesa coordinadora provincial.<\/p>\n<p><a href=\"https:\/\/primicias2262.com\/wp-content\/uploads\/2023\/05\/uatre-neco2.jpeg\"><img loading=\"lazy\" decoding=\"async\" class=\"aligncenter size-full wp-image-99713\" src=\"https:\/\/primicias2262.com\/wp-content\/uploads\/2023\/05\/uatre-neco2.jpeg\" alt=\"\" width=\"1600\" height=\"1200\" \/><\/a>Asimismo, todos los presentes definieron lineamientos de trabajo e intercambiaron informaron sobre la situaci\u00f3n en la que se encuentra OSPRERA, Obra Social que fuera ejemplo de eficaz y eficiente cobertura, bajo la Direcci\u00f3n de los compa\u00f1eros Ger\u00f3nimo \u00abMomo\u00bb Venegas y Ernesto Ram\u00f3n Ayala.<\/p>\n<p>En este sentido, S\u00e1nchez Jauregui, resalt\u00f3 que participaron 12 seccionales de la Delegaci\u00f3n \u201cy se escuch\u00f3 a cada compa\u00f1era y compa\u00f1ero, con el prop\u00f3sito de trabajar en beneficio de las trabajadoras y trabajadores rurales\u201d.<\/p>\n<p>En el mismo encuentro se hicieron presentes compa\u00f1eros afiliados de la UATRE de la seccional N\u00b0 10, \u201cmanifestando distintas irregularidades en la bolsa de trabajo y falta de atenci\u00f3n a problem\u00e1ticas de las y los trabajadores de parte de la comisi\u00f3n administrativa\u201d.<\/p>\n<p>Sobre el particular, el compa\u00f1ero Cecilio Salazar inform\u00f3 a los compa\u00f1eros que habr\u00e1 de seguirse la v\u00eda administrativa-instituciobal, para acreditar los hechos y sancionar a los responsables, en caso de corresponder.<\/p>\n<p>El saldo de este primer encuentro, result\u00f3 ampliamente favorable, atento la importante participaci\u00f3n de las y los compa\u00f1eros, as\u00ed como tambi\u00e9n del nivel de interacci\u00f3n y di\u00e1logo, \u00abindispensables para el progreso de los lineamientos fijados por el compa\u00f1ero Voytenco, sintetizados en la b\u00fasqueda permanente, de una UATRE m\u00e1s federal e inclusiva\u00bb, finaliz\u00f3 la diputada provincial.<\/p>\n","protected":false},"excerpt":{"rendered":"<p>La mesa coordinadora de la Provincia de Buenos Aires, integrada por los compa\u00f1eros Cecilio Salazar, Cristian Ayala, Ariel Piangatelli y Natalia S\u00e1nchez Jauregui, realiz\u00f3 el primer encuentro con la UATRE Delegaci\u00f3n Necochea. En la reuni\u00f3n estuvieron presentes los compa\u00f1eros Delegado Garc\u00eda y Subdelegado Danuncio, quienes recibieron de los primeros, el mensaje de Unidad y profundizaci\u00f3n [&hellip;]<\/p>\n","protected":false},"author":3,"featured_media":99712,"comment_status":"closed","ping_status":"closed","sticky":false,"template":"","format":"standard","meta":{"footnotes":""},"categories":[3],"tags":[],"class_list":["post-99711","post","type-post","status-publish","format-standard","has-post-thumbnail","category-masnoticias"],"_links":{"self":[{"href":"https:\/\/primicias2262.com\/noticias\/wp-json\/wp\/v2\/posts\/99711","targetHints":{"allow":["GET"]}}],"collection":[{"href":"https:\/\/primicias2262.com\/noticias\/wp-json\/wp\/v2\/posts"}],"about":[{"href":"https:\/\/primicias2262.com\/noticias\/wp-json\/wp\/v2\/types\/post"}],"author":[{"embeddable":true,"href":"https:\/\/primicias2262.com\/noticias\/wp-json\/wp\/v2\/users\/3"}],"replies":[{"embeddable":true,"href":"https:\/\/primicias2262.com\/noticias\/wp-json\/wp\/v2\/comments?post=99711"}],"version-history":[{"count":0,"href":"https:\/\/primicias2262.com\/noticias\/wp-json\/wp\/v2\/posts\/99711\/revisions"}],"wp:attachment":[{"href":"https:\/\/primicias2262.com\/noticias\/wp-json\/wp\/v2\/media?parent=99711"}],"wp:term":[{"taxonomy":"category","embeddable":true,"href":"https:\/\/primicias2262.com\/noticias\/wp-json\/wp\/v2\/categories?post=99711"},{"taxonomy":"post_tag","embeddable":true,"href":"https:\/\/primicias2262.com\/noticias\/wp-json\/wp\/v2\/tags?post=99711"}],"curies":[{"name":"wp","href":"https:\/\/api.w.org\/{rel}","templated":true}]}}