{"id":99716,"date":"2023-05-02T08:26:23","date_gmt":"2023-05-02T11:26:23","guid":{"rendered":"https:\/\/primicias2262.com\/?p=99716"},"modified":"2023-05-02T08:26:23","modified_gmt":"2023-05-02T11:26:23","slug":"desde-este-martes-se-modifica-el-valor-de-la-hora-del-sem-en-el-centro","status":"publish","type":"post","link":"https:\/\/primicias2262.com\/noticias\/desde-este-martes-se-modifica-el-valor-de-la-hora-del-sem-en-el-centro\/","title":{"rendered":"Desde este martes se modifica el valor de la hora del SEM en el centro"},"content":{"rendered":"<p><strong>La modificaci\u00f3n en el costo del estacionamiento medido en la ciudad obedece a lo acordado en la Fiscal Impositiva 2023, siendo de $70 hasta el 30 de abril y pasando a costar $100 desde mayo.<\/strong><\/p>\n<p>En la Ordenanza Fiscal Impositiva 2023 se especific\u00f3 que a partir del 1\u00ba de mayo de 2023, la hora del uso del estacionamiento vehicular en la zona c\u00e9ntrica de la ciudad, conocido como SEM (Servicio de Estacionamiento Medido), pasar\u00eda a costar de 70 a 100 pesos, mientras que el valor del pago voluntario ante multa es de 4800 pesos.<\/p>\n<p>En el cap\u00edtulo III del aludido t\u00edtulo de la Fiscal e Impositiva municipal imperante, se encuentran los alcances de lo informado por aqu\u00ed.<\/p>\n<p>\u201cDERECHO DE ESTACIONAMIENTO VEHICULAR\u201d.<\/p>\n<p>Art\u00edculo 449\u00b0: La base imponible del presente T\u00edtulo estar\u00e1 constituida por cada unidad automotor y por tiempo de uso del estacionamiento.<\/p>\n<p>CAP\u00cdTULO III: TASA<\/p>\n<p>Art\u00edculo 450\u00b0: Se establece un valor fijo de pesos setenta ($70,00) hasta el 30\/04\/2023, y de pesos cien ($100,00) a partir del 01\/05\/2023, por cada veh\u00edculo y por hora, por el uso del estacionamiento vehicular.<\/p>\n<p>Tambi\u00e9n se informa que el estacionamiento medido se puede abonar en cualquiera de los 30 puntos de venta que hay en la zona.<\/p>\n<p>A su vez se recuerda que las zonas de estacionamiento medido centro comprenden:<\/p>\n<p>Calle 55 de 60 a 66, ambas aceras;<\/p>\n<p>Calle 57 de 60 a 66, ambas aceras;<\/p>\n<p>Av. 59 de 60 a 70, d\u00e1rsenas centrales;<\/p>\n<p>Av. 59 de 60 a 70, ambas aceras;<\/p>\n<p>Calle 61 de 58 a 68, ambas aceras;<\/p>\n<p>Calle 63 de 58 a 66, ambas aceras;<\/p>\n<p>Calle 65 de 58 a 66, ambas aceras;<\/p>\n<p>Calle 60 de 55 a 65, ambas aceras;<\/p>\n<p>Calle 62 de 55 a 67, ambas aceras;<\/p>\n<p>Calle 64 de 55 a 67, ambas aceras;<\/p>\n<p>Calle 66 de 55 a 65, ambas aceras.<\/p>\n<p>Adem\u00e1s, se recuerda que no se permite el estacionamiento de cualquier tipo, con excepci\u00f3n del transporte p\u00fablico, en Avenida 59 de calle 62 a 64, ambas aceras.<\/p>\n","protected":false},"excerpt":{"rendered":"<p>La modificaci\u00f3n en el costo del estacionamiento medido en la ciudad obedece a lo acordado en la Fiscal Impositiva 2023, siendo de $70 hasta el 30 de abril y pasando a costar $100 desde mayo. En la Ordenanza Fiscal Impositiva 2023 se especific\u00f3 que a partir del 1\u00ba de mayo de 2023, la hora del [&hellip;]<\/p>\n","protected":false},"author":3,"featured_media":82129,"comment_status":"closed","ping_status":"closed","sticky":false,"template":"","format":"standard","meta":{"footnotes":""},"categories":[3],"tags":[],"class_list":["post-99716","post","type-post","status-publish","format-standard","has-post-thumbnail","category-masnoticias"],"_links":{"self":[{"href":"https:\/\/primicias2262.com\/noticias\/wp-json\/wp\/v2\/posts\/99716","targetHints":{"allow":["GET"]}}],"collection":[{"href":"https:\/\/primicias2262.com\/noticias\/wp-json\/wp\/v2\/posts"}],"about":[{"href":"https:\/\/primicias2262.com\/noticias\/wp-json\/wp\/v2\/types\/post"}],"author":[{"embeddable":true,"href":"https:\/\/primicias2262.com\/noticias\/wp-json\/wp\/v2\/users\/3"}],"replies":[{"embeddable":true,"href":"https:\/\/primicias2262.com\/noticias\/wp-json\/wp\/v2\/comments?post=99716"}],"version-history":[{"count":0,"href":"https:\/\/primicias2262.com\/noticias\/wp-json\/wp\/v2\/posts\/99716\/revisions"}],"wp:attachment":[{"href":"https:\/\/primicias2262.com\/noticias\/wp-json\/wp\/v2\/media?parent=99716"}],"wp:term":[{"taxonomy":"category","embeddable":true,"href":"https:\/\/primicias2262.com\/noticias\/wp-json\/wp\/v2\/categories?post=99716"},{"taxonomy":"post_tag","embeddable":true,"href":"https:\/\/primicias2262.com\/noticias\/wp-json\/wp\/v2\/tags?post=99716"}],"curies":[{"name":"wp","href":"https:\/\/api.w.org\/{rel}","templated":true}]}}