{"id":99747,"date":"2023-05-03T14:19:06","date_gmt":"2023-05-03T17:19:06","guid":{"rendered":"https:\/\/primicias2262.com\/?p=99747"},"modified":"2023-05-03T14:19:06","modified_gmt":"2023-05-03T17:19:06","slug":"la-utep-movimiento-evita-llevo-adelante-un-almuerzo-para-trabajadores-de-la-economia-social","status":"publish","type":"post","link":"https:\/\/primicias2262.com\/noticias\/la-utep-movimiento-evita-llevo-adelante-un-almuerzo-para-trabajadores-de-la-economia-social\/","title":{"rendered":"La UTEP-Movimiento Evita llev\u00f3 adelante un almuerzo para trabajadores de la econom\u00eda social"},"content":{"rendered":"<p><strong>El pasado 1\u00b0 de mayo, D\u00eda del trabajador, la UTEP &#8211; Movimiento Evita llev\u00f3 adelante un almuerzo con trabajadores y trabajadoras de la Econom\u00eda Social y Popular.<\/strong><\/p>\n<p>El almuerzo se desarroll\u00f3 en el sal\u00f3n del Club Ministerio de Quequ\u00e9n y busc\u00f3 agasajar y homenajear a decenas de trabajadores responsables de unidades productivas, unidades barriales, comedores, cooperativas de trabajo y culturales, trabajadores promotores de Salud, Educaci\u00f3n y G\u00e9nero y feriantes.<\/p>\n<p>El almuerzo cont\u00f3 con la presencia de representantes del sector cooperativo y del peronismo local.<\/p>\n<p>La jornada tuvo como oradores a Patricia Aranda (UTEP Evita) y a Luciano Lescano. En primer lugar, Aranda rescat\u00f3 la lucha de los trabajadores y trabajadoras de la econom\u00eda popular en pos de sus derechos laborales y el impacto que este sector tiene en el comercio y la econom\u00eda de Necochea.<\/p>\n<p>Por su parte, Lescano (Movimiento Evita) destac\u00f3 las obras desarrolladas en el distrito como la construcci\u00f3n de la Feria Cuatro Estaciones en el Parque Miguel Lillo y la obra de integraci\u00f3n urbana en Barrio Los \u00c1lamos, como el trabajo de las trabajadoras sociocomunitarias que sostienen el barrio \u201ccuando en pandemia todo se cay\u00f3\u201d.<\/p>\n<p>Realiz\u00f3 un repaso por la historia del trabajo en Necochea y la falta de oportunidades que existen en el Distrito, para reafirmar la labor que se viene sosteniendo y realizando desde el sector cooperativo como una alternativa de desarrollo para la ciudad.<\/p>\n<p>La tarde cont\u00f3 con la presentaci\u00f3n de la pe\u00f1a folcl\u00f3rica \u00abAndanzas\u00bb y la m\u00fasica de Katia Smith y Luis Mansilla que\u00a0 compartieron su arte y su extenso repertorio, deleitando al p\u00fablico presente.<\/p>\n","protected":false},"excerpt":{"rendered":"<p>El pasado 1\u00b0 de mayo, D\u00eda del trabajador, la UTEP &#8211; Movimiento Evita llev\u00f3 adelante un almuerzo con trabajadores y trabajadoras de la Econom\u00eda Social y Popular. El almuerzo se desarroll\u00f3 en el sal\u00f3n del Club Ministerio de Quequ\u00e9n y busc\u00f3 agasajar y homenajear a decenas de trabajadores responsables de unidades productivas, unidades barriales, comedores, [&hellip;]<\/p>\n","protected":false},"author":3,"featured_media":99748,"comment_status":"closed","ping_status":"closed","sticky":false,"template":"","format":"standard","meta":{"footnotes":""},"categories":[3],"tags":[],"class_list":["post-99747","post","type-post","status-publish","format-standard","has-post-thumbnail","category-masnoticias"],"_links":{"self":[{"href":"https:\/\/primicias2262.com\/noticias\/wp-json\/wp\/v2\/posts\/99747","targetHints":{"allow":["GET"]}}],"collection":[{"href":"https:\/\/primicias2262.com\/noticias\/wp-json\/wp\/v2\/posts"}],"about":[{"href":"https:\/\/primicias2262.com\/noticias\/wp-json\/wp\/v2\/types\/post"}],"author":[{"embeddable":true,"href":"https:\/\/primicias2262.com\/noticias\/wp-json\/wp\/v2\/users\/3"}],"replies":[{"embeddable":true,"href":"https:\/\/primicias2262.com\/noticias\/wp-json\/wp\/v2\/comments?post=99747"}],"version-history":[{"count":0,"href":"https:\/\/primicias2262.com\/noticias\/wp-json\/wp\/v2\/posts\/99747\/revisions"}],"wp:attachment":[{"href":"https:\/\/primicias2262.com\/noticias\/wp-json\/wp\/v2\/media?parent=99747"}],"wp:term":[{"taxonomy":"category","embeddable":true,"href":"https:\/\/primicias2262.com\/noticias\/wp-json\/wp\/v2\/categories?post=99747"},{"taxonomy":"post_tag","embeddable":true,"href":"https:\/\/primicias2262.com\/noticias\/wp-json\/wp\/v2\/tags?post=99747"}],"curies":[{"name":"wp","href":"https:\/\/api.w.org\/{rel}","templated":true}]}}