{"id":99752,"date":"2023-05-03T01:09:07","date_gmt":"2023-05-03T04:09:07","guid":{"rendered":"https:\/\/primicias2262.com\/?p=99752"},"modified":"2023-05-03T01:09:07","modified_gmt":"2023-05-03T04:09:07","slug":"anuncian-la-inauguracion-oficial-del-caps-norte-para-este-jueves-al-mediodia","status":"publish","type":"post","link":"https:\/\/primicias2262.com\/noticias\/anuncian-la-inauguracion-oficial-del-caps-norte-para-este-jueves-al-mediodia\/","title":{"rendered":"Anuncian la inauguraci\u00f3n oficial del CAPS Norte para este jueves al mediod\u00eda"},"content":{"rendered":"<p><strong>Este jueves 4 de mayo, a partir de las 12, el intendente Arturo Rojas dejar\u00e1 inaugurado oficialmente el nuevo edificio del Centro de Atenci\u00f3n Primaria de la Salud del Barrio Norte, que est\u00e1 ubicado en calle 72 entre 47 y 49 y ya funciona al p\u00fablico.<\/strong><\/p>\n<p>Vale destacar que cuando esta nueva unidad quede inaugurada, junto al \u201cCarlos Fucile\u201d de la Villa balnearia, se convertir\u00e1 en el segundo Centro de Salud inaugurado por el mandatario local en poco menos de un mes, dando refugio a dos efectores que atienden a un n\u00famero important\u00edsimo de vecinos y que no contaban con sede propia hasta la llegada de esta gesti\u00f3n administrativa.<\/p>\n<p>Al respecto, en el marco de una inspecci\u00f3n del cuerpo de arquitectas del Plan Argentina Hace, la titular la Secretar\u00eda que est\u00e1 a cargo del sistema p\u00fablico sanitario en el distrito hab\u00eda remarcado que \u201cesta es una obra hist\u00f3rica que arranc\u00f3 hace m\u00e1s de 25 a\u00f1os y que estuvo mucho tiempo parada, en un barrio que tiene una poblaci\u00f3n superior a 20 mil habitantes\u201d.<\/p>\n<p>\u201cEs un \u00e1rea program\u00e1tica muy extensa donde el Centro de Salud hoy funciona en una vivienda alquilada por el municipio con todas las limitantes que esto conlleva, porque la capacidad y el dise\u00f1o de la vivienda no es lo ideal para el funcionamiento de una instituci\u00f3n sanitaria\u201d, hab\u00eda explicado Perestiuk en esa avanzada.<\/p>\n<p>El flamante CAPS del Barrio Norte estar\u00e1 dotado de modernos consultorios para asegurar la atenci\u00f3n en enfermer\u00eda, medicina cl\u00ednica generalista, pediatr\u00eda, estimulaci\u00f3n temprana y psicolog\u00eda, adem\u00e1s de cocina, ba\u00f1os universales y un espacio para el trabajo social; incluso est\u00e1 proyectado tener un consultorio odontol\u00f3gico, una vez que se cuente con el equipamiento. El edificio cuenta, adem\u00e1s, con dos pasillos y doble circulaci\u00f3n, para garantizar una buena ventilaci\u00f3n, sala de espera y un sal\u00f3n de usos m\u00faltiples.<\/p>\n<p><a href=\"https:\/\/primicias2262.com\/wp-content\/uploads\/2023\/05\/PLACA-inaugura-CAPS-Norte.jpeg\"><img loading=\"lazy\" decoding=\"async\" class=\"aligncenter size-full wp-image-99755\" src=\"https:\/\/primicias2262.com\/wp-content\/uploads\/2023\/05\/PLACA-inaugura-CAPS-Norte.jpeg\" alt=\"\" width=\"1600\" height=\"1600\" \/><\/a><\/p>\n","protected":false},"excerpt":{"rendered":"<p>Este jueves 4 de mayo, a partir de las 12, el intendente Arturo Rojas dejar\u00e1 inaugurado oficialmente el nuevo edificio del Centro de Atenci\u00f3n Primaria de la Salud del Barrio Norte, que est\u00e1 ubicado en calle 72 entre 47 y 49 y ya funciona al p\u00fablico. Vale destacar que cuando esta nueva unidad quede inaugurada, [&hellip;]<\/p>\n","protected":false},"author":3,"featured_media":97702,"comment_status":"closed","ping_status":"closed","sticky":false,"template":"","format":"standard","meta":{"footnotes":""},"categories":[5],"tags":[],"class_list":{"0":"post-99752","1":"post","2":"type-post","3":"status-publish","4":"format-standard","5":"has-post-thumbnail","7":"category-neco"},"_links":{"self":[{"href":"https:\/\/primicias2262.com\/noticias\/wp-json\/wp\/v2\/posts\/99752","targetHints":{"allow":["GET"]}}],"collection":[{"href":"https:\/\/primicias2262.com\/noticias\/wp-json\/wp\/v2\/posts"}],"about":[{"href":"https:\/\/primicias2262.com\/noticias\/wp-json\/wp\/v2\/types\/post"}],"author":[{"embeddable":true,"href":"https:\/\/primicias2262.com\/noticias\/wp-json\/wp\/v2\/users\/3"}],"replies":[{"embeddable":true,"href":"https:\/\/primicias2262.com\/noticias\/wp-json\/wp\/v2\/comments?post=99752"}],"version-history":[{"count":0,"href":"https:\/\/primicias2262.com\/noticias\/wp-json\/wp\/v2\/posts\/99752\/revisions"}],"wp:featuredmedia":[{"embeddable":true,"href":"https:\/\/primicias2262.com\/noticias\/wp-json\/"}],"wp:attachment":[{"href":"https:\/\/primicias2262.com\/noticias\/wp-json\/wp\/v2\/media?parent=99752"}],"wp:term":[{"taxonomy":"category","embeddable":true,"href":"https:\/\/primicias2262.com\/noticias\/wp-json\/wp\/v2\/categories?post=99752"},{"taxonomy":"post_tag","embeddable":true,"href":"https:\/\/primicias2262.com\/noticias\/wp-json\/wp\/v2\/tags?post=99752"}],"curies":[{"name":"wp","href":"https:\/\/api.w.org\/{rel}","templated":true}]}}