{"id":99758,"date":"2023-05-03T18:35:29","date_gmt":"2023-05-03T21:35:29","guid":{"rendered":"https:\/\/primicias2262.com\/?p=99758"},"modified":"2023-05-03T18:35:29","modified_gmt":"2023-05-03T21:35:29","slug":"fallecio-el-periodista-miguel-correa","status":"publish","type":"post","link":"https:\/\/primicias2262.com\/noticias\/fallecio-el-periodista-miguel-correa\/","title":{"rendered":"Falleci\u00f3 el periodista Miguel Correa"},"content":{"rendered":"<p>Este mi\u00e9rcoles 3 de mayo falleci\u00f3 Miguel Angel Correa, de dilatada trayectoria en el periodismo bonaerense. Padec\u00eda problemas renales y su salud se hab\u00eda deteriorado notablemente en los \u00faltimos tiempos. A tal punto que hab\u00eda decidido ponerle fin a su labor, despu\u00e9s de 50 a\u00f1os y tras haberse jubilado.<\/p>\n<p>Hasta marzo pasado estaba a cargo del portal de noticias 123 Necochea, que hab\u00eda creado. Previamente hab\u00eda tenido otro portal, Pol\u00edtica Necochea, del cual se desprendi\u00f3.<\/p>\n<p>Su labor profesional la inici\u00f3 en 1973 en el diario \u201cEl Tiempo\u201d, de Azul, ciudad de la que era oriundo. Posteriormente trabaj\u00f3 durante muchos a\u00f1os en el matutino necochense \u201cEcos Diarios\u201d.<\/p>\n<p>Tambi\u00e9n condujo programas de radio en FM La Costa, uno de ellos denominado \u201cLa cuerda floja\u201d, junto a Carlos Gonz\u00e1lez Oron\u00f3.<\/p>\n<p>Correa, entusiasta simpatizante de Racing Club, era casado y padre de tres hijos.<\/p>\n<p><strong>Fuente: El Ciudadano Necochea<\/strong><\/p>\n","protected":false},"excerpt":{"rendered":"<p>Este mi\u00e9rcoles 3 de mayo falleci\u00f3 Miguel Angel Correa, de dilatada trayectoria en el periodismo bonaerense. Padec\u00eda problemas renales y su salud se hab\u00eda deteriorado notablemente en los \u00faltimos tiempos. A tal punto que hab\u00eda decidido ponerle fin a su labor, despu\u00e9s de 50 a\u00f1os y tras haberse jubilado. Hasta marzo pasado estaba a cargo [&hellip;]<\/p>\n","protected":false},"author":3,"featured_media":99762,"comment_status":"closed","ping_status":"closed","sticky":false,"template":"","format":"standard","meta":{"footnotes":""},"categories":[3],"tags":[],"class_list":["post-99758","post","type-post","status-publish","format-standard","has-post-thumbnail","category-masnoticias"],"_links":{"self":[{"href":"https:\/\/primicias2262.com\/noticias\/wp-json\/wp\/v2\/posts\/99758","targetHints":{"allow":["GET"]}}],"collection":[{"href":"https:\/\/primicias2262.com\/noticias\/wp-json\/wp\/v2\/posts"}],"about":[{"href":"https:\/\/primicias2262.com\/noticias\/wp-json\/wp\/v2\/types\/post"}],"author":[{"embeddable":true,"href":"https:\/\/primicias2262.com\/noticias\/wp-json\/wp\/v2\/users\/3"}],"replies":[{"embeddable":true,"href":"https:\/\/primicias2262.com\/noticias\/wp-json\/wp\/v2\/comments?post=99758"}],"version-history":[{"count":0,"href":"https:\/\/primicias2262.com\/noticias\/wp-json\/wp\/v2\/posts\/99758\/revisions"}],"wp:attachment":[{"href":"https:\/\/primicias2262.com\/noticias\/wp-json\/wp\/v2\/media?parent=99758"}],"wp:term":[{"taxonomy":"category","embeddable":true,"href":"https:\/\/primicias2262.com\/noticias\/wp-json\/wp\/v2\/categories?post=99758"},{"taxonomy":"post_tag","embeddable":true,"href":"https:\/\/primicias2262.com\/noticias\/wp-json\/wp\/v2\/tags?post=99758"}],"curies":[{"name":"wp","href":"https:\/\/api.w.org\/{rel}","templated":true}]}}