{"id":99766,"date":"2023-05-04T10:22:38","date_gmt":"2023-05-04T13:22:38","guid":{"rendered":"https:\/\/primicias2262.com\/?p=99766"},"modified":"2023-05-04T10:22:38","modified_gmt":"2023-05-04T13:22:38","slug":"santiago-veiga-representara-a-la-faped-en-el-85o-congreso-mundial-de-aips-en-seul","status":"publish","type":"post","link":"https:\/\/primicias2262.com\/noticias\/santiago-veiga-representara-a-la-faped-en-el-85o-congreso-mundial-de-aips-en-seul\/","title":{"rendered":"Santiago Veiga representar\u00e1 a la FAPED en el 85\u00ba Congreso Mundial de AIPS en Se\u00fal"},"content":{"rendered":"<p><strong>La Federaci\u00f3n nacional de Periodistas Deportivos nuclea a 25 c\u00edrculos, entre ellos el de Necochea, cuyo socio fundador acudir\u00e1 al evento mundial en Corea del Sur como presidente de la FAPED.<\/strong><\/p>\n<p>La Federaci\u00f3n Argentina de Periodistas Deportivos (FAPED), que nuclea a 25 c\u00edrculos en todo el pa\u00eds, participar\u00e1 del 8 al 12 de mayo en el 85\u00b0 Congreso Mundial de AIPS de periodismo deportivo, en Se\u00fal, Corea del Sur. El actual presidente de la entidad, y socio fundador y vicepresidente de nuestro C\u00edrculo, Santiago Veiga, ser\u00e1 el representante internacional de FAPED.<\/p>\n<p>Durante el congreso que se desarrollar\u00e1 en el Sofitel Ambassador de Se\u00fal, se entregar\u00e1n los premios a los mejores trabajos period\u00edsticos de todo el mundo en sus diferentes g\u00e9neros y se debatir\u00e1 la modificaci\u00f3n de los estatutos de AIPS. El evento tendr\u00e1 como referente al presidente de AIPS Gianni Merlo, y a Jong Koo Yang, de Korea Sports Press Uni\u00f3n.<\/p>\n<p>\u201cNuevamente FAPED tendr\u00e1 su activa participaci\u00f3n en los congresos de AIPS. Es un enorme sacrificio econ\u00f3mico de la entidad poder participar, y tener un v\u00ednculo constante con las instituciones internacionales\u201d, asegur\u00f3 Santiago Veiga.<\/p>\n<p>El lunes 8 de mayo, primer d\u00eda del evento, se desarrollar\u00e1 el Congreso Continental de AIPS Am\u00e9rica, donde FAPED est\u00e1 representada por Carlos Bernasconi en la Comisi\u00f3n Revisora y el propio Veiga en la comisi\u00f3n de Capacitaci\u00f3n.<\/p>\n<p>La Federaci\u00f3n Argentina de Periodistas Deportivos quiere agradecer el valioso aporte del C\u00edrculo de Periodistas Deportivos de Chaco, en representaci\u00f3n de Carlos Bernasconi, y de la Asociaci\u00f3n del F\u00fatbol Argentino (AFA), a trav\u00e9s de Pablo Ariel Toviggino, quienes respaldaron la presencia de Argentina en Se\u00fal.<\/p>\n","protected":false},"excerpt":{"rendered":"<p>La Federaci\u00f3n nacional de Periodistas Deportivos nuclea a 25 c\u00edrculos, entre ellos el de Necochea, cuyo socio fundador acudir\u00e1 al evento mundial en Corea del Sur como presidente de la FAPED. La Federaci\u00f3n Argentina de Periodistas Deportivos (FAPED), que nuclea a 25 c\u00edrculos en todo el pa\u00eds, participar\u00e1 del 8 al 12 de mayo en [&hellip;]<\/p>\n","protected":false},"author":3,"featured_media":99767,"comment_status":"closed","ping_status":"closed","sticky":false,"template":"","format":"standard","meta":{"footnotes":""},"categories":[3],"tags":[],"class_list":["post-99766","post","type-post","status-publish","format-standard","has-post-thumbnail","category-masnoticias"],"_links":{"self":[{"href":"https:\/\/primicias2262.com\/noticias\/wp-json\/wp\/v2\/posts\/99766","targetHints":{"allow":["GET"]}}],"collection":[{"href":"https:\/\/primicias2262.com\/noticias\/wp-json\/wp\/v2\/posts"}],"about":[{"href":"https:\/\/primicias2262.com\/noticias\/wp-json\/wp\/v2\/types\/post"}],"author":[{"embeddable":true,"href":"https:\/\/primicias2262.com\/noticias\/wp-json\/wp\/v2\/users\/3"}],"replies":[{"embeddable":true,"href":"https:\/\/primicias2262.com\/noticias\/wp-json\/wp\/v2\/comments?post=99766"}],"version-history":[{"count":0,"href":"https:\/\/primicias2262.com\/noticias\/wp-json\/wp\/v2\/posts\/99766\/revisions"}],"wp:attachment":[{"href":"https:\/\/primicias2262.com\/noticias\/wp-json\/wp\/v2\/media?parent=99766"}],"wp:term":[{"taxonomy":"category","embeddable":true,"href":"https:\/\/primicias2262.com\/noticias\/wp-json\/wp\/v2\/categories?post=99766"},{"taxonomy":"post_tag","embeddable":true,"href":"https:\/\/primicias2262.com\/noticias\/wp-json\/wp\/v2\/tags?post=99766"}],"curies":[{"name":"wp","href":"https:\/\/api.w.org\/{rel}","templated":true}]}}