{"id":99769,"date":"2023-05-04T10:22:17","date_gmt":"2023-05-04T13:22:17","guid":{"rendered":"https:\/\/primicias2262.com\/?p=99769"},"modified":"2023-05-04T10:22:17","modified_gmt":"2023-05-04T13:22:17","slug":"en-el-peronismo-ya-no-queremos-candidatos-prestados-o-impuestos-como-en-2019","status":"publish","type":"post","link":"https:\/\/primicias2262.com\/noticias\/en-el-peronismo-ya-no-queremos-candidatos-prestados-o-impuestos-como-en-2019\/","title":{"rendered":"\u201cEn el peronismo ya no queremos candidatos prestados o impuestos como en 2019\u201d"},"content":{"rendered":"<p><strong>As\u00ed lo afirm\u00f3 el presidente del Partido Justicialista local, Marcelo Rivero, quien sin confirmar a\u00fan si ser\u00e1 precandidato a intendente, dej\u00f3 bien en claro su disconformidad con lo sucedido en 2019 y se despeg\u00f3 definitivamente de la figura del otrora intendente Facundo L\u00f3pez.<\/strong><\/p>\n<p>Durante una nota realizada por el periodista Jorge G\u00f3mez en \u201cVoces de la Ciudad\u201d, el \u201cChelo\u201d Rivero fue consultado sobre su nombre como posible precandidato en las elecciones primarias del venidero mes de agosto, ya que muchos peronistas confluyen en su nombre, y si bien no lo confirm\u00f3 a\u00fan, resalt\u00f3 que \u201cestamos absolutamente convencidos de que el peronismo tiene que tener un candidato o candidata a intendente y concejales\u201d.<\/p>\n<p>\u201cYa no queremos m\u00e1s tener candidatos prestados, no queremos llevar m\u00e1s candidatos impuestos por acuerdos nacionales como fue el de 2019, donde tuvimos que apoyar a un candidato (Facundo L\u00f3pez) y no se nos dej\u00f3 participar al peronismo como tal\u201d, indic\u00f3.<\/p>\n<p>Sigui\u00f3 profundizando que \u201c(L\u00f3pez) para el peronismo fue un candidato prestado porque no es del peronismo, no tiene la formaci\u00f3n, ni los ideales, valores y principios que tenemos los peronistas, y eso que el peronismo siempre se ha caracterizado por ser inclusivo y abierto a los extra partidarios que quieran incorporarse o provenientes de otros sectores pol\u00edticos, pero no queremos nunca m\u00e1s llevar la mochila de un gobierno que no fue nuestro\u201d.<\/p>\n<p>\u201cTuvimos muy buenos gobiernos y gobernantes, como Domingo Taraborelli o Gast\u00f3n Guarracino, como para que nos identifiquen solo con el gobierno del Dr. Facundo L\u00f3pez\u201d, se\u00f1al\u00f3 enf\u00e1tico, para despegarse de forma taante: \u201cEl peronismo no tiene nada que ver con eso, es momento ahora que el peronismo local vuelva a tener despu\u00e9s de muchos a\u00f1os candidatos propios y propuestas propias en Necochea y todo el distrito\u201d.<\/p>\n<p>Por ello, lejos del rol secundario que se le dio en 2019 cuando Arturo Rojas gan\u00f3 la intendencia, Rivero asegur\u00f3 que ahora \u201cel peronismo debe ser la fuerza m\u00e1s importante del Frente de Todos, pero ac\u00e1 en Necochea se ha menospreciado al peronismo en el Frente de Todos, pero nosotros vamos a buscar la unidad de todo el Frente de Todos porque no queremos m\u00e1s que se nos identifique en Necochea con lo que pas\u00f3 entre 2015 y 2019\u2026 el peronismo es mucho m\u00e1s que eso, tuvo, tiene y tendr\u00e1 dirigentes, cuadros y profesionales que tienen que ver con el crecimiento, la producci\u00f3n, la honestidad y la transparencia\u201d.<\/p>\n<p>A prop\u00f3sito de las propuestas propias que mencion\u00f3 en un p\u00e1rrafo anterior, el \u201cChelo\u201d especific\u00f3 que \u201chemos estado trabajando en la parte social y en la elaboraci\u00f3n de proyectos y propuestas, como por ejemplo, la exploraci\u00f3n y explotaci\u00f3n de petr\u00f3leo y gas a 300 kil\u00f3metros de Necochea, que nos va a cambiar la vida a todos y no vemos que el gobierno municipal ni los dem\u00e1s sectores pol\u00edticos lo tengan en la agenda. Nos va a pasar como otras veces que han querido llegar distintas inversiones a la ciudad y por distintas razones se van a otro lado por falta de previsi\u00f3n\u201d.<\/p>\n<p>Seguidamente asever\u00f3 que tambi\u00e9n tienen propuestas a futuro, tanto para el Puerto, el Casino, el Parque Miguel Lillo y fundamentalmente, \u201cuna propuesta de c\u00f3mo queremos que se desarrolle la ciudad: queremos gobernar para todos, porque hoy se gobierna solo para un sector, pero hay un muy vast\u00edsimo sector de nuestro distrito que vive alejado, en lugares perif\u00e9ricos con calles intransitables, sin cloacas o agua. Adem\u00e1s, Quequ\u00e9n y Necochea no reciben nada del puerto y las calles est\u00e1n intransitables y hay un gran da\u00f1o al medio ambiente. Tenemos un plan para todos los vecinos de Necochea, no solo para los peronistas\u201d.<\/p>\n<p>A la hora de profundizar sobre la exploraci\u00f3n y explotaci\u00f3n petrol\u00edfera, argument\u00f3 que \u201cvemos que nadie habla de ese tema cuando deber\u00eda ser una responsabilidad de los que gobiernan o quieren gobernar tenerlo en agenda, al igual que otros temas, como el de seguridad, que es un verdadero problema en el cual el gobierno local no se pone a la cabeza como deber\u00eda ponerse\u201d.<\/p>\n<p>\u201cAlgunos podr\u00e1n decir que la polic\u00eda es provincial y la seguridad es materia de Provincia, pero eso no quita que el Intendente y los concejales como jefes del poder pol\u00edtico del distrito se pongan a la cabeza de los reclamos de la gente, que son sus vecinos, porque le puede tocar a cualquiera, y debemos tenerlo como una pol\u00edtica de Estado y convocar a todos: jueces, fiscales, polic\u00edas y a la pol\u00edtica para que le rindan cuentas a la gente, que en definitiva es la que con sus impuestos y tasas contribuye al mantenimiento del Estado\u201d, complet\u00f3.<\/p>\n<p>Finalmente, Rivero dio por hecho que habr\u00e1 un candidato o candidata a intendente que saldr\u00e1 de la esquina de 61 y 70: \u201cEsperemos un poco m\u00e1s, pero el peronismo va a tener un candidato, y si me lo piden a m\u00ed estoy preparado, ser\u00eda de una hipocres\u00eda total si me negara\u201d, concluy\u00f3.<\/p>\n","protected":false},"excerpt":{"rendered":"<p>As\u00ed lo afirm\u00f3 el presidente del Partido Justicialista local, Marcelo Rivero, quien sin confirmar a\u00fan si ser\u00e1 precandidato a intendente, dej\u00f3 bien en claro su disconformidad con lo sucedido en 2019 y se despeg\u00f3 definitivamente de la figura del otrora intendente Facundo L\u00f3pez. Durante una nota realizada por el periodista Jorge G\u00f3mez en \u201cVoces de [&hellip;]<\/p>\n","protected":false},"author":3,"featured_media":99770,"comment_status":"closed","ping_status":"closed","sticky":false,"template":"","format":"standard","meta":{"footnotes":""},"categories":[3],"tags":[],"class_list":["post-99769","post","type-post","status-publish","format-standard","has-post-thumbnail","category-masnoticias"],"_links":{"self":[{"href":"https:\/\/primicias2262.com\/noticias\/wp-json\/wp\/v2\/posts\/99769","targetHints":{"allow":["GET"]}}],"collection":[{"href":"https:\/\/primicias2262.com\/noticias\/wp-json\/wp\/v2\/posts"}],"about":[{"href":"https:\/\/primicias2262.com\/noticias\/wp-json\/wp\/v2\/types\/post"}],"author":[{"embeddable":true,"href":"https:\/\/primicias2262.com\/noticias\/wp-json\/wp\/v2\/users\/3"}],"replies":[{"embeddable":true,"href":"https:\/\/primicias2262.com\/noticias\/wp-json\/wp\/v2\/comments?post=99769"}],"version-history":[{"count":0,"href":"https:\/\/primicias2262.com\/noticias\/wp-json\/wp\/v2\/posts\/99769\/revisions"}],"wp:attachment":[{"href":"https:\/\/primicias2262.com\/noticias\/wp-json\/wp\/v2\/media?parent=99769"}],"wp:term":[{"taxonomy":"category","embeddable":true,"href":"https:\/\/primicias2262.com\/noticias\/wp-json\/wp\/v2\/categories?post=99769"},{"taxonomy":"post_tag","embeddable":true,"href":"https:\/\/primicias2262.com\/noticias\/wp-json\/wp\/v2\/tags?post=99769"}],"curies":[{"name":"wp","href":"https:\/\/api.w.org\/{rel}","templated":true}]}}