{"id":99780,"date":"2023-05-04T16:01:45","date_gmt":"2023-05-04T19:01:45","guid":{"rendered":"https:\/\/primicias2262.com\/?p=99780"},"modified":"2023-05-04T16:01:45","modified_gmt":"2023-05-04T19:01:45","slug":"tras-decadas-de-postergacion-se-inauguro-el-centro-de-salud-barrio-norte","status":"publish","type":"post","link":"https:\/\/primicias2262.com\/noticias\/tras-decadas-de-postergacion-se-inauguro-el-centro-de-salud-barrio-norte\/","title":{"rendered":"Tras d\u00e9cadas de postergaci\u00f3n, se inaugur\u00f3 el Centro de Salud Barrio Norte"},"content":{"rendered":"<p><strong>En una jornada hist\u00f3rica para la comunidad, y en especial para los m\u00e1s de 20 mil habitantes del norte de la ciudad, el intendente Arturo Rojas encabez\u00f3 la inauguraci\u00f3n del Centro de Atenci\u00f3n Primaria de la Salud, una obra largamente so\u00f1ada por toda la barriada y por la recordada Alba Harislur, quien presidiera la Sociedad de Fomento \u00abPlaza de Las Carretas\u00bb y encarnara una ardua lucha por el edificio propio del CAPS.<\/strong><\/p>\n<p>Escoltado por la secretaria de Salud, Andrea Perstiuk, funcionarios municipales, autoridades del Concejo Deliberante, vecinos y personal del CAPS Norte, el Intendente habl\u00f3 de \u201cun d\u00eda muy especial para toda esta gran barriada, que por fin tiene su Centro de Atenci\u00f3n Primaria despu\u00e9s de tantos a\u00f1os de tener que estar mud\u00e1ndose a lugares que no cumpl\u00edan con los requisitos adecuados\u201d.<\/p>\n<p>Por supuesto, la figura de Alba Harislur -fallecida durante la pandemia en 2020-, apareci\u00f3 en cada cita y en cada discurso pronunciado del acto, y el Intendente no fue la excepci\u00f3n: \u201cEsta obra que qued\u00f3 inconclusa durante varias d\u00e9cadas, el famoso sue\u00f1o de Alba que qued\u00f3 inconcluso, hoy podemos decir con orgullo que lo materializamos en la realidad, por eso agradezco a la memoria de Alba\u201d, manifest\u00f3 Rojas.<\/p>\n<p><a href=\"https:\/\/primicias2262.com\/wp-content\/uploads\/2023\/05\/04-05-FOTO-inauguracion-Caps-Norte.jpeg\"><img loading=\"lazy\" decoding=\"async\" class=\"aligncenter size-full wp-image-99783\" src=\"https:\/\/primicias2262.com\/wp-content\/uploads\/2023\/05\/04-05-FOTO-inauguracion-Caps-Norte.jpeg\" alt=\"\" width=\"1600\" height=\"1066\" \/><\/a>En esa misma l\u00ednea, el Intendente invit\u00f3 a \u201ctomar el esp\u00edritu que ten\u00eda Alba, de compromiso y trabajo, empat\u00eda, solidaridad, y de llevar adelante una demanda social para que podamos seguir trabajando y gestionando en conjunto ante Provincia y Naci\u00f3n y articulando con las entidades intermedias para que la atenci\u00f3n de la salud, que es un derecho, se pueda cumplir de la manera que corresponde y que se merece cada uno de los vecinos\u201d.<\/p>\n<p>Asimismo, Rojas puso en valor tanto el rol de la gesti\u00f3n que encabeza para hacer realidad el CAPS, como el compromiso del personal del mismo. Acerca de lo primero, se\u00f1al\u00f3 que \u201ccon mi equipo de gobierno pusimos palabras en acci\u00f3n y hoy logramos transformarlas para poder concretar un sue\u00f1o que hab\u00eda quedado inconcluso\u201d.<\/p>\n<p><a href=\"https:\/\/primicias2262.com\/wp-content\/uploads\/2023\/05\/04-05-FOTO-Arturo-Rojas-Caps-Norte.jpeg\"><img loading=\"lazy\" decoding=\"async\" class=\"aligncenter size-full wp-image-99781\" src=\"https:\/\/primicias2262.com\/wp-content\/uploads\/2023\/05\/04-05-FOTO-Arturo-Rojas-Caps-Norte.jpeg\" alt=\"\" width=\"1600\" height=\"1066\" \/><\/a>\u201cCuando nos toc\u00f3 asumir vimos que este lugar estaba abandonado y con ocupaciones en su interior, era pr\u00e1cticamente un basural que serv\u00eda de refugio a la delincuencia. Pero esto no se construye de un d\u00eda para otro, as\u00ed que gestionamos, ampliamos el proyecto que ten\u00edamos y esto tiene que ver en parte con los recursos que se gestionaron ante Naci\u00f3n, a trav\u00e9s del Programa Argentina Hace, y la otra mitad fue puesto con recursos municipales, y eso es importante porque son los vecinos los que aportan a trav\u00e9s de sus tasas\u201d.<\/p>\n<p>Respecto al personal, el primer mandatario del distrito valor\u00f3 que \u201cesta podr\u00eda ser una hermosa obra pero quedar\u00eda solo en un inmueble si no tuvi\u00e9ramos el personal comprometido: los trabajadores de salud, enfermeros y profesionales que vienen a atender, que son quienes realmente le dan vida a cada centro de atenci\u00f3n primaria, y a quienes les agradezco por su enorme compromiso\u201d.<\/p>\n<p><a href=\"https:\/\/primicias2262.com\/wp-content\/uploads\/2023\/05\/04-05-FOTO-inauguracion-Caps-Norte6.jpeg\"><img loading=\"lazy\" decoding=\"async\" class=\"aligncenter size-full wp-image-99786\" src=\"https:\/\/primicias2262.com\/wp-content\/uploads\/2023\/05\/04-05-FOTO-inauguracion-Caps-Norte6.jpeg\" alt=\"\" width=\"1600\" height=\"1066\" \/><\/a>Antes que el Intendente, tambi\u00e9n se dirigieron a los presentes personal del CAPS y de la comisi\u00f3n para la construcci\u00f3n del mismo, como as\u00ed la secretaria de Salud, Andrea Perestiuk, quien enfatiz\u00f3 que \u201ceste CAPS es un ejemplo de trabajo comunitario y comunidad organizada, se gest\u00f3 durante 30 a\u00f1os y hoy estamos cumpliendo el anhelo de Alba, quien llev\u00f3 adelante la voz de toda una barriada y este CAPS es un hijo m\u00e1s para ella\u201d, para concluir que \u201cesto se trata de llevar pol\u00edtica sanitaria al territorio, y no ser\u00eda posible sin el trabajo en equipo y el compromiso de los trabajadores\u201d.<\/p>\n<p>El acto cont\u00f3 con la bendici\u00f3n del presb\u00edtero Fernando Mendoza, y luego del segmento de las alocuciones se realiz\u00f3 el corte de cintas y el descubrimiento de placas, tanto en el frente del edificio, ubicado en calle 72 N\u00ba 2324, entre 47 y 49, como en el interior del recinto. As\u00ed en el corte de cintas como en las placas, junto a la comitiva municipal participaron la hija de Alba Harislur, Teresa, y la comisi\u00f3n para la construcci\u00f3n del CAPS.<\/p>\n\n<p>A nivel hist\u00f3rico, se trajo a memoria que durante el segundo gobierno del intendente Domingo Taraborelli se logr\u00f3 la sesi\u00f3n de parte de los terrenos que eran provinciales y comenz\u00f3 a ser a partir de all\u00ed la Sociedad de Fomento, pero al ver las necesidades que ten\u00eda el barrio fue evolucionando y con el paso del tiempo se transform\u00f3 en el centro de salud. Con el correr de los a\u00f1os, y ante el aumento de la poblaci\u00f3n, se torn\u00f3 necesario ampliar la capacidad de atenci\u00f3n y el espacio f\u00edsico de la instituci\u00f3n. Fue all\u00ed cuando un grupo de vecinos y vecinas del barrio, entre las que se destac\u00f3 la figura de Alba Harislur, gestion\u00f3 y motoriz\u00f3 la obra ante distintos organismos para contar con un edificio en condiciones adecuadas que finalmente se inaugur\u00f3 este jueves con los mismos valores de aquellos vecinos: compromiso, esfuerzo, solidaridad y trabajo en equipo.<\/p>\n","protected":false},"excerpt":{"rendered":"<p>En una jornada hist\u00f3rica para la comunidad, y en especial para los m\u00e1s de 20 mil habitantes del norte de la ciudad, el intendente Arturo Rojas encabez\u00f3 la inauguraci\u00f3n del Centro de Atenci\u00f3n Primaria de la Salud, una obra largamente so\u00f1ada por toda la barriada y por la recordada Alba Harislur, quien presidiera la Sociedad [&hellip;]<\/p>\n","protected":false},"author":3,"featured_media":99784,"comment_status":"closed","ping_status":"closed","sticky":false,"template":"","format":"standard","meta":{"footnotes":""},"categories":[3],"tags":[],"class_list":["post-99780","post","type-post","status-publish","format-standard","has-post-thumbnail","category-masnoticias"],"_links":{"self":[{"href":"https:\/\/primicias2262.com\/noticias\/wp-json\/wp\/v2\/posts\/99780","targetHints":{"allow":["GET"]}}],"collection":[{"href":"https:\/\/primicias2262.com\/noticias\/wp-json\/wp\/v2\/posts"}],"about":[{"href":"https:\/\/primicias2262.com\/noticias\/wp-json\/wp\/v2\/types\/post"}],"author":[{"embeddable":true,"href":"https:\/\/primicias2262.com\/noticias\/wp-json\/wp\/v2\/users\/3"}],"replies":[{"embeddable":true,"href":"https:\/\/primicias2262.com\/noticias\/wp-json\/wp\/v2\/comments?post=99780"}],"version-history":[{"count":0,"href":"https:\/\/primicias2262.com\/noticias\/wp-json\/wp\/v2\/posts\/99780\/revisions"}],"wp:attachment":[{"href":"https:\/\/primicias2262.com\/noticias\/wp-json\/wp\/v2\/media?parent=99780"}],"wp:term":[{"taxonomy":"category","embeddable":true,"href":"https:\/\/primicias2262.com\/noticias\/wp-json\/wp\/v2\/categories?post=99780"},{"taxonomy":"post_tag","embeddable":true,"href":"https:\/\/primicias2262.com\/noticias\/wp-json\/wp\/v2\/tags?post=99780"}],"curies":[{"name":"wp","href":"https:\/\/api.w.org\/{rel}","templated":true}]}}