{"id":99800,"date":"2023-05-05T12:34:17","date_gmt":"2023-05-05T15:34:17","guid":{"rendered":"https:\/\/primicias2262.com\/?p=99800"},"modified":"2023-05-05T12:34:17","modified_gmt":"2023-05-05T15:34:17","slug":"el-coro-alta-mira-celebra-31-anos-y-se-presenta-el-27-de-mayo","status":"publish","type":"post","link":"https:\/\/primicias2262.com\/noticias\/el-coro-alta-mira-celebra-31-anos-y-se-presenta-el-27-de-mayo\/","title":{"rendered":"El Coro Alta Mira celebra 31 a\u00f1os y se presenta el 27 de mayo"},"content":{"rendered":"<p><strong>Ser\u00e1 en la sala del Teatro Municipal \u201cLuis Sandrini\u201d. As\u00ed lo confirm\u00f3 en \u201cVoces de la Ciudad\u201d el director del coro, Roberto Goldar, quien adem\u00e1s se mostr\u00f3 optimista para poder retomar este a\u00f1o con la Coraliada, que desde 2019 no se realiza en Necochea.<\/strong><\/p>\n<p>En una nota realizada por el periodista Hugo Arroyo, Goldar inform\u00f3 al inicio que \u201cestamos preparando nuestro aniversario, que es el marco de los festejos del 25 de mayo, y por eso todos los a\u00f1os hacemos alg\u00fan concierto o alguna celebraci\u00f3n en esta fecha, y este a\u00f1o hemos programado un espect\u00e1culo que se llama \u201cRom\u00e1nticos\u201d para el s\u00e1bado 27 de mayo en el Teatro Municipal. Los invitamos a todos, ser\u00e1 alrededor de las 20.30 o 21\u201d.<\/p>\n<p>La velada tendr\u00e1 principalmente canciones poulares y de amor adecuadas al coro. \u201cYa dimos un rom\u00e1ntico en 2018\/2019 y nos sali\u00f3 muy bien, as\u00ed que nos parec\u00eda lindo repetirlo\u201d, se\u00f1al\u00f3.<\/p>\n<p>Haciendo un poco de historia del coro, Goldar rememor\u00f3 que \u201cesto naci\u00f3 por una idea de Beba Trobo, que era la profesora de m\u00fasica de la Escuela Danesa Alta Mira y para el 25 de mayo de 1992 para los actos del colegio hizo su inauguraci\u00f3n el coro y tomamos esa fecha como fundacional\u201d.<\/p>\n<p><a href=\"https:\/\/primicias2262.com\/wp-content\/uploads\/2023\/05\/roberto-goldar.jpeg\"><img loading=\"lazy\" decoding=\"async\" class=\"aligncenter size-full wp-image-99806\" src=\"https:\/\/primicias2262.com\/wp-content\/uploads\/2023\/05\/roberto-goldar.jpeg\" alt=\"\" width=\"1600\" height=\"1200\" \/><\/a>\u201cHasta 1997 estuvo Beba dirigiendo y en 1998 ingres\u00e9 yo, que ya llevo 25 a\u00f1os, y precisamente poco antes hab\u00edan empezado con la Coraliada, as\u00ed que empezamos con ese tema y a generar en el coro una forma de expresarnos musicalmente y tambi\u00e9n socialmente, porque estamos muy inmersos en la sociedad de Necochea\u201d, subray\u00f3.<\/p>\n<p>Goldar destac\u00f3 que nunca hen pedido ayuda econ\u00f3mica al Estado y se financian ellos mismos: \u201cEstamos organizados como una asociaci\u00f3n civil sin fines de lucro\u201d, aclar\u00f3, para se\u00f1alar con orgullo que con mucho esfuerzo \u201chemos tenido la suerte de poder viajar y participar en un mont\u00f3n de encuentros corales de los m\u00e1s importantes del pa\u00eds y actuaciones en pa\u00edses lim\u00edtrofes como Brasil, Paraguay, Chile y Uruguay, o tambi\u00e9n hemos llegado a ir a Per\u00fa\u201d.<\/p>\n<p>Actualmente, el Coro Alta Mira cuenta con 19 integrantes, es un coro mixto y seg\u00fan Goldar, como la mayor\u00eda de los coros en Argentina, hacen falta m\u00e1s voces masculinas, mientras que para concluir, anticip\u00f3 que \u201cpara este a\u00f1o estamos armando la grilla de actividades, seguramente haremos alg\u00fan viaje y estamos preparando la Coraliada, cuya inscripci\u00f3n cierra en julio y viene muy bien, con varias consultas y coros confirmados, lo que nos pinta un buen panorama, m\u00e1s all\u00e1 de que no ser\u00e1 muy numerosa por razones de costo, pero lo importante es rehacerla porque la \u00faltima edici\u00f3n fue en 2019\u201d.<\/p>\n","protected":false},"excerpt":{"rendered":"<p>Ser\u00e1 en la sala del Teatro Municipal \u201cLuis Sandrini\u201d. As\u00ed lo confirm\u00f3 en \u201cVoces de la Ciudad\u201d el director del coro, Roberto Goldar, quien adem\u00e1s se mostr\u00f3 optimista para poder retomar este a\u00f1o con la Coraliada, que desde 2019 no se realiza en Necochea. En una nota realizada por el periodista Hugo Arroyo, Goldar inform\u00f3 [&hellip;]<\/p>\n","protected":false},"author":3,"featured_media":75571,"comment_status":"closed","ping_status":"closed","sticky":false,"template":"","format":"standard","meta":{"footnotes":""},"categories":[3],"tags":[],"class_list":["post-99800","post","type-post","status-publish","format-standard","has-post-thumbnail","category-masnoticias"],"_links":{"self":[{"href":"https:\/\/primicias2262.com\/noticias\/wp-json\/wp\/v2\/posts\/99800","targetHints":{"allow":["GET"]}}],"collection":[{"href":"https:\/\/primicias2262.com\/noticias\/wp-json\/wp\/v2\/posts"}],"about":[{"href":"https:\/\/primicias2262.com\/noticias\/wp-json\/wp\/v2\/types\/post"}],"author":[{"embeddable":true,"href":"https:\/\/primicias2262.com\/noticias\/wp-json\/wp\/v2\/users\/3"}],"replies":[{"embeddable":true,"href":"https:\/\/primicias2262.com\/noticias\/wp-json\/wp\/v2\/comments?post=99800"}],"version-history":[{"count":0,"href":"https:\/\/primicias2262.com\/noticias\/wp-json\/wp\/v2\/posts\/99800\/revisions"}],"wp:attachment":[{"href":"https:\/\/primicias2262.com\/noticias\/wp-json\/wp\/v2\/media?parent=99800"}],"wp:term":[{"taxonomy":"category","embeddable":true,"href":"https:\/\/primicias2262.com\/noticias\/wp-json\/wp\/v2\/categories?post=99800"},{"taxonomy":"post_tag","embeddable":true,"href":"https:\/\/primicias2262.com\/noticias\/wp-json\/wp\/v2\/tags?post=99800"}],"curies":[{"name":"wp","href":"https:\/\/api.w.org\/{rel}","templated":true}]}}